{"id":782,"date":"2023-05-27T06:59:11","date_gmt":"2023-05-27T06:59:11","guid":{"rendered":"https:\/\/www.kindergarten-pusteblume.de\/WordPress_01\/?p=782"},"modified":"2023-05-27T06:59:11","modified_gmt":"2023-05-27T06:59:11","slug":"mutter-und-vatertag","status":"publish","type":"post","link":"https:\/\/www.kindergarten-pusteblume.de\/WordPress_01\/?p=782","title":{"rendered":"Mutter- und Vatertag"},"content":{"rendered":"\n<p>Zu Muttertag und Vatertag wurde nat\u00fcrlich auch wieder flei\u00dfig gebastelt. So konnten die Kinder stolz daheim eine Kleinigkeit in einem selbst gestalteten Umschlag \u00fcberreichen. <\/p>\n\n\n\n<div class=\"wp-block-group\"><div class=\"wp-block-group__inner-container is-layout-constrained wp-block-group-is-layout-constrained\">\n<figure class=\"wp-block-image size-large is-resized\"><img loading=\"lazy\" decoding=\"async\" src=\"https:\/\/www.kindergarten-pusteblume.de\/WordPress_01\/wp-content\/uploads\/2023\/05\/01d87544-9a64-4e46-a3e5-1abdf3499216-1024x768.jpg\" alt=\"\" class=\"wp-image-783\" width=\"357\" height=\"267\" srcset=\"https:\/\/www.kindergarten-pusteblume.de\/WordPress_01\/wp-content\/uploads\/2023\/05\/01d87544-9a64-4e46-a3e5-1abdf3499216-1024x768.jpg 1024w, https:\/\/www.kindergarten-pusteblume.de\/WordPress_01\/wp-content\/uploads\/2023\/05\/01d87544-9a64-4e46-a3e5-1abdf3499216-300x225.jpg 300w, https:\/\/www.kindergarten-pusteblume.de\/WordPress_01\/wp-content\/uploads\/2023\/05\/01d87544-9a64-4e46-a3e5-1abdf3499216-768x576.jpg 768w, https:\/\/www.kindergarten-pusteblume.de\/WordPress_01\/wp-content\/uploads\/2023\/05\/01d87544-9a64-4e46-a3e5-1abdf3499216-1536x1152.jpg 1536w, https:\/\/www.kindergarten-pusteblume.de\/WordPress_01\/wp-content\/uploads\/2023\/05\/01d87544-9a64-4e46-a3e5-1abdf3499216.jpg 2048w\" sizes=\"(max-width: 357px) 100vw, 357px\" \/><figcaption class=\"wp-element-caption\">Herzen aus B\u00fcgelperlen <\/figcaption><\/figure>\n\n\n\n<figure class=\"wp-block-image size-large is-resized\"><img loading=\"lazy\" decoding=\"async\" src=\"https:\/\/www.kindergarten-pusteblume.de\/WordPress_01\/wp-content\/uploads\/2023\/05\/b1c4bd12-7be1-4b6c-9775-1d5e2ed59e47-1024x768.jpg\" alt=\"\" class=\"wp-image-784\" width=\"356\" height=\"267\" srcset=\"https:\/\/www.kindergarten-pusteblume.de\/WordPress_01\/wp-content\/uploads\/2023\/05\/b1c4bd12-7be1-4b6c-9775-1d5e2ed59e47-1024x768.jpg 1024w, https:\/\/www.kindergarten-pusteblume.de\/WordPress_01\/wp-content\/uploads\/2023\/05\/b1c4bd12-7be1-4b6c-9775-1d5e2ed59e47-300x225.jpg 300w, https:\/\/www.kindergarten-pusteblume.de\/WordPress_01\/wp-content\/uploads\/2023\/05\/b1c4bd12-7be1-4b6c-9775-1d5e2ed59e47-768x576.jpg 768w, https:\/\/www.kindergarten-pusteblume.de\/WordPress_01\/wp-content\/uploads\/2023\/05\/b1c4bd12-7be1-4b6c-9775-1d5e2ed59e47.jpg 1280w\" sizes=\"(max-width: 356px) 100vw, 356px\" \/><\/figure>\n<\/div><\/div>\n\n\n\n<figure class=\"wp-block-image size-large is-resized\"><img loading=\"lazy\" decoding=\"async\" src=\"https:\/\/www.kindergarten-pusteblume.de\/WordPress_01\/wp-content\/uploads\/2023\/05\/ef7fa818-2984-4cc8-a524-51b248c567f4-1024x768.jpg\" alt=\"\" class=\"wp-image-785\" width=\"354\" height=\"265\" srcset=\"https:\/\/www.kindergarten-pusteblume.de\/WordPress_01\/wp-content\/uploads\/2023\/05\/ef7fa818-2984-4cc8-a524-51b248c567f4-1024x768.jpg 1024w, https:\/\/www.kindergarten-pusteblume.de\/WordPress_01\/wp-content\/uploads\/2023\/05\/ef7fa818-2984-4cc8-a524-51b248c567f4-300x225.jpg 300w, https:\/\/www.kindergarten-pusteblume.de\/WordPress_01\/wp-content\/uploads\/2023\/05\/ef7fa818-2984-4cc8-a524-51b248c567f4-768x576.jpg 768w, https:\/\/www.kindergarten-pusteblume.de\/WordPress_01\/wp-content\/uploads\/2023\/05\/ef7fa818-2984-4cc8-a524-51b248c567f4-1536x1152.jpg 1536w, https:\/\/www.kindergarten-pusteblume.de\/WordPress_01\/wp-content\/uploads\/2023\/05\/ef7fa818-2984-4cc8-a524-51b248c567f4.jpg 2048w\" sizes=\"(max-width: 354px) 100vw, 354px\" \/><\/figure>\n\n\n<div class=\"wp-block-image\">\n<figure class=\"alignleft size-large is-resized\"><img loading=\"lazy\" decoding=\"async\" src=\"https:\/\/www.kindergarten-pusteblume.de\/WordPress_01\/wp-content\/uploads\/2023\/05\/IMG_3072-767x1024.jpg\" alt=\"\" class=\"wp-image-786\" width=\"354\" height=\"472\" srcset=\"https:\/\/www.kindergarten-pusteblume.de\/WordPress_01\/wp-content\/uploads\/2023\/05\/IMG_3072-767x1024.jpg 767w, https:\/\/www.kindergarten-pusteblume.de\/WordPress_01\/wp-content\/uploads\/2023\/05\/IMG_3072-225x300.jpg 225w, https:\/\/www.kindergarten-pusteblume.de\/WordPress_01\/wp-content\/uploads\/2023\/05\/IMG_3072-768x1026.jpg 768w, https:\/\/www.kindergarten-pusteblume.de\/WordPress_01\/wp-content\/uploads\/2023\/05\/IMG_3072.jpg 1123w\" sizes=\"(max-width: 354px) 100vw, 354px\" \/><figcaption class=\"wp-element-caption\">Schl\u00fcsselanh\u00e4nger zum Vatertag <\/figcaption><\/figure><\/div>\n\n","protected":false},"excerpt":{"rendered":"<p>Zu Muttertag und Vatertag wurde nat\u00fcrlich auch wieder flei\u00dfig gebastelt. So konnten die Kinder stolz daheim eine Kleinigkeit in einem selbst gestalteten Umschlag \u00fcberreichen.<\/p>\n","protected":false},"author":5,"featured_media":0,"comment_status":"closed","ping_status":"open","sticky":true,"template":"","format":"standard","meta":{"footnotes":""},"categories":[1],"tags":[],"_links":{"self":[{"href":"https:\/\/www.kindergarten-pusteblume.de\/WordPress_01\/index.php?rest_route=\/wp\/v2\/posts\/782"}],"collection":[{"href":"https:\/\/www.kindergarten-pusteblume.de\/WordPress_01\/index.php?rest_route=\/wp\/v2\/posts"}],"about":[{"href":"https:\/\/www.kindergarten-pusteblume.de\/WordPress_01\/index.php?rest_route=\/wp\/v2\/types\/post"}],"author":[{"embeddable":true,"href":"https:\/\/www.kindergarten-pusteblume.de\/WordPress_01\/index.php?rest_route=\/wp\/v2\/users\/5"}],"replies":[{"embeddable":true,"href":"https:\/\/www.kindergarten-pusteblume.de\/WordPress_01\/index.php?rest_route=%2Fwp%2Fv2%2Fcomments&post=782"}],"version-history":[{"count":1,"href":"https:\/\/www.kindergarten-pusteblume.de\/WordPress_01\/index.php?rest_route=\/wp\/v2\/posts\/782\/revisions"}],"predecessor-version":[{"id":787,"href":"https:\/\/www.kindergarten-pusteblume.de\/WordPress_01\/index.php?rest_route=\/wp\/v2\/posts\/782\/revisions\/787"}],"wp:attachment":[{"href":"https:\/\/www.kindergarten-pusteblume.de\/WordPress_01\/index.php?rest_route=%2Fwp%2Fv2%2Fmedia&parent=782"}],"wp:term":[{"taxonomy":"category","embeddable":true,"href":"https:\/\/www.kindergarten-pusteblume.de\/WordPress_01\/index.php?rest_route=%2Fwp%2Fv2%2Fcategories&post=782"},{"taxonomy":"post_tag","embeddable":true,"href":"https:\/\/www.kindergarten-pusteblume.de\/WordPress_01\/index.php?rest_route=%2Fwp%2Fv2%2Ftags&post=782"}],"curies":[{"name":"wp","href":"https:\/\/api.w.org\/{rel}","templated":true}]}}