{"id":566,"date":"2022-02-24T20:28:08","date_gmt":"2022-02-24T20:28:08","guid":{"rendered":"https:\/\/www.kindergarten-pusteblume.de\/WordPress_01\/?p=566"},"modified":"2022-02-24T20:28:08","modified_gmt":"2022-02-24T20:28:08","slug":"kennenlernen","status":"publish","type":"post","link":"https:\/\/www.kindergarten-pusteblume.de\/WordPress_01\/?p=566","title":{"rendered":"Kennenlernen"},"content":{"rendered":"\n<p>Unseren Tag der offenen T\u00fcr &#8211; oder eher einen Tag des &#8222;offenen Gartens&#8220; &#8211; haben wir gestern veranstaltet und uns sehr \u00fcber das gro\u00dfe Interesse vieler netter Familien mit ihren Kindern gefreut. Manch einer wollte gar nicht so recht nach Hause, nachdem der Garten schon mal testweise bespielt werden konnte !<\/p>\n\n\n\n<p>Als Elterninitiative legen wir gro\u00dfen Wert auf das Miteinander und das gemeinschaftliche Gestalten in unserem Kindergarten, da ist das pers\u00f6nliche, gegenseitige Kennenlernen nat\u00fcrlich sehr wichtig.  Und das war bei sch\u00f6nstem Sonnenschein auch drau\u00dfen ganz wunderbar m\u00f6glich gestern.<\/p>\n\n\n\n<p>Herzlichen Dank f\u00fcr&#8217;s Kommen und hoffentlich bis bald!<\/p>\n","protected":false},"excerpt":{"rendered":"<p>Unseren Tag der offenen T\u00fcr &#8211; oder eher einen Tag des &#8222;offenen Gartens&#8220; &#8211; haben wir gestern veranstaltet und uns sehr \u00fcber das gro\u00dfe Interesse vieler netter Familien mit ihren Kindern gefreut. Manch einer wollte gar nicht so recht nach Hause, nachdem der Garten schon mal testweise bespielt werden konnte ! Als Elterninitiative legen wir &hellip; <\/p>\n<p class=\"link-more\"><a href=\"https:\/\/www.kindergarten-pusteblume.de\/WordPress_01\/?p=566\" class=\"more-link\"><span class=\"screen-reader-text\">\u201eKennenlernen\u201c<\/span> weiterlesen<\/a><\/p>\n","protected":false},"author":5,"featured_media":0,"comment_status":"closed","ping_status":"open","sticky":true,"template":"","format":"standard","meta":{"footnotes":""},"categories":[1],"tags":[],"_links":{"self":[{"href":"https:\/\/www.kindergarten-pusteblume.de\/WordPress_01\/index.php?rest_route=\/wp\/v2\/posts\/566"}],"collection":[{"href":"https:\/\/www.kindergarten-pusteblume.de\/WordPress_01\/index.php?rest_route=\/wp\/v2\/posts"}],"about":[{"href":"https:\/\/www.kindergarten-pusteblume.de\/WordPress_01\/index.php?rest_route=\/wp\/v2\/types\/post"}],"author":[{"embeddable":true,"href":"https:\/\/www.kindergarten-pusteblume.de\/WordPress_01\/index.php?rest_route=\/wp\/v2\/users\/5"}],"replies":[{"embeddable":true,"href":"https:\/\/www.kindergarten-pusteblume.de\/WordPress_01\/index.php?rest_route=%2Fwp%2Fv2%2Fcomments&post=566"}],"version-history":[{"count":1,"href":"https:\/\/www.kindergarten-pusteblume.de\/WordPress_01\/index.php?rest_route=\/wp\/v2\/posts\/566\/revisions"}],"predecessor-version":[{"id":567,"href":"https:\/\/www.kindergarten-pusteblume.de\/WordPress_01\/index.php?rest_route=\/wp\/v2\/posts\/566\/revisions\/567"}],"wp:attachment":[{"href":"https:\/\/www.kindergarten-pusteblume.de\/WordPress_01\/index.php?rest_route=%2Fwp%2Fv2%2Fmedia&parent=566"}],"wp:term":[{"taxonomy":"category","embeddable":true,"href":"https:\/\/www.kindergarten-pusteblume.de\/WordPress_01\/index.php?rest_route=%2Fwp%2Fv2%2Fcategories&post=566"},{"taxonomy":"post_tag","embeddable":true,"href":"https:\/\/www.kindergarten-pusteblume.de\/WordPress_01\/index.php?rest_route=%2Fwp%2Fv2%2Ftags&post=566"}],"curies":[{"name":"wp","href":"https:\/\/api.w.org\/{rel}","templated":true}]}}