{"id":467,"date":"2021-08-30T19:35:11","date_gmt":"2021-08-30T19:35:11","guid":{"rendered":"https:\/\/www.kindergarten-pusteblume.de\/WordPress_01\/?p=467"},"modified":"2021-08-30T19:36:36","modified_gmt":"2021-08-30T19:36:36","slug":"willkommen-im-neuen-kindergartenjahr","status":"publish","type":"post","link":"https:\/\/www.kindergarten-pusteblume.de\/WordPress_01\/?p=467","title":{"rendered":"Willkommen im neuen Kindergartenjahr!"},"content":{"rendered":"\n<p>So schnell sind die Sommerferien wieder vorbei und die Pusteblume startet in das Kindergartenjahr 2021\/22. Wir freuen uns \u00fcber neue Spielger\u00e4te im Haus und im Garten, \u00fcber neue Erzieherinnen im Team und auf einige neue Jungf\u00fcchse, die wir in den n\u00e4chsten Wochen willkommen hei\u00dfen d\u00fcrfen. <\/p>\n\n\n\n<p>Aber am meisten freuen wir uns dar\u00fcber, dass wir trotz der immer noch angespannten Coronalage f\u00fcr alle Kinder \u00f6ffnen k\u00f6nnen !  Hoffen wir auf ein weiteres Jahr voller sch\u00f6ner Erlebnisse, kleiner und gro\u00dfer Abenteuer und viele neue Freundschaften!<\/p>\n","protected":false},"excerpt":{"rendered":"<p>So schnell sind die Sommerferien wieder vorbei und die Pusteblume startet in das Kindergartenjahr 2021\/22. Wir freuen uns \u00fcber neue Spielger\u00e4te im Haus und im Garten, \u00fcber neue Erzieherinnen im Team und auf einige neue Jungf\u00fcchse, die wir in den n\u00e4chsten Wochen willkommen hei\u00dfen d\u00fcrfen. Aber am meisten freuen wir uns dar\u00fcber, dass wir trotz &hellip; <\/p>\n<p class=\"link-more\"><a href=\"https:\/\/www.kindergarten-pusteblume.de\/WordPress_01\/?p=467\" class=\"more-link\"><span class=\"screen-reader-text\">\u201eWillkommen im neuen Kindergartenjahr!\u201c<\/span> weiterlesen<\/a><\/p>\n","protected":false},"author":5,"featured_media":0,"comment_status":"closed","ping_status":"open","sticky":true,"template":"","format":"standard","meta":{"footnotes":""},"categories":[1],"tags":[],"_links":{"self":[{"href":"https:\/\/www.kindergarten-pusteblume.de\/WordPress_01\/index.php?rest_route=\/wp\/v2\/posts\/467"}],"collection":[{"href":"https:\/\/www.kindergarten-pusteblume.de\/WordPress_01\/index.php?rest_route=\/wp\/v2\/posts"}],"about":[{"href":"https:\/\/www.kindergarten-pusteblume.de\/WordPress_01\/index.php?rest_route=\/wp\/v2\/types\/post"}],"author":[{"embeddable":true,"href":"https:\/\/www.kindergarten-pusteblume.de\/WordPress_01\/index.php?rest_route=\/wp\/v2\/users\/5"}],"replies":[{"embeddable":true,"href":"https:\/\/www.kindergarten-pusteblume.de\/WordPress_01\/index.php?rest_route=%2Fwp%2Fv2%2Fcomments&post=467"}],"version-history":[{"count":2,"href":"https:\/\/www.kindergarten-pusteblume.de\/WordPress_01\/index.php?rest_route=\/wp\/v2\/posts\/467\/revisions"}],"predecessor-version":[{"id":469,"href":"https:\/\/www.kindergarten-pusteblume.de\/WordPress_01\/index.php?rest_route=\/wp\/v2\/posts\/467\/revisions\/469"}],"wp:attachment":[{"href":"https:\/\/www.kindergarten-pusteblume.de\/WordPress_01\/index.php?rest_route=%2Fwp%2Fv2%2Fmedia&parent=467"}],"wp:term":[{"taxonomy":"category","embeddable":true,"href":"https:\/\/www.kindergarten-pusteblume.de\/WordPress_01\/index.php?rest_route=%2Fwp%2Fv2%2Fcategories&post=467"},{"taxonomy":"post_tag","embeddable":true,"href":"https:\/\/www.kindergarten-pusteblume.de\/WordPress_01\/index.php?rest_route=%2Fwp%2Fv2%2Ftags&post=467"}],"curies":[{"name":"wp","href":"https:\/\/api.w.org\/{rel}","templated":true}]}}