{"id":448,"date":"2021-06-16T18:59:25","date_gmt":"2021-06-16T18:59:25","guid":{"rendered":"https:\/\/www.kindergarten-pusteblume.de\/WordPress_01\/?p=448"},"modified":"2021-06-16T19:01:11","modified_gmt":"2021-06-16T19:01:11","slug":"neuigkeiten-im-garten","status":"publish","type":"post","link":"https:\/\/www.kindergarten-pusteblume.de\/WordPress_01\/?p=448","title":{"rendered":"Neuigkeiten im Garten"},"content":{"rendered":"\n<p>In den Pfingstferien wurde im Kindergarten Pusteblume gebuddelt und gebaut, so dass rechtzeitig zum Jahresendspurt unsere Kinder ihre neuen Spielger\u00e4te bekommen konnten. Die alten waren in die Jahre gekommen und mussten ersetzt werden.<\/p>\n\n\n\n<p>M\u00f6glich gemacht hat diesen Umbau vor allem eine gro\u00dfz\u00fcgige Zuwendung, die wir \u00fcber die Gl\u00fcckspirale erhalten konnten, dar\u00fcber sind wir super-dankbar!!<\/p>\n\n\n\n<figure class=\"wp-block-image size-large\"><img loading=\"lazy\" decoding=\"async\" width=\"1024\" height=\"412\" src=\"https:\/\/www.kindergarten-pusteblume.de\/WordPress_01\/wp-content\/uploads\/2021\/06\/LO_GS_Gefoerdert_durch_ohne_Lotto_auf_Rot-1024x412.jpg\" alt=\"\" class=\"wp-image-449\" srcset=\"https:\/\/www.kindergarten-pusteblume.de\/WordPress_01\/wp-content\/uploads\/2021\/06\/LO_GS_Gefoerdert_durch_ohne_Lotto_auf_Rot-1024x412.jpg 1024w, https:\/\/www.kindergarten-pusteblume.de\/WordPress_01\/wp-content\/uploads\/2021\/06\/LO_GS_Gefoerdert_durch_ohne_Lotto_auf_Rot-300x121.jpg 300w, https:\/\/www.kindergarten-pusteblume.de\/WordPress_01\/wp-content\/uploads\/2021\/06\/LO_GS_Gefoerdert_durch_ohne_Lotto_auf_Rot-768x309.jpg 768w, https:\/\/www.kindergarten-pusteblume.de\/WordPress_01\/wp-content\/uploads\/2021\/06\/LO_GS_Gefoerdert_durch_ohne_Lotto_auf_Rot-1536x618.jpg 1536w, https:\/\/www.kindergarten-pusteblume.de\/WordPress_01\/wp-content\/uploads\/2021\/06\/LO_GS_Gefoerdert_durch_ohne_Lotto_auf_Rot-2048x824.jpg 2048w\" sizes=\"(max-width: 767px) 89vw, (max-width: 1000px) 54vw, (max-width: 1071px) 543px, 580px\" \/><\/figure>\n\n\n\n<p>Schaut doch mal in die Galerie, wie toll der Garten nun aussieht:<\/p>\n\n\n\n<figure class=\"wp-block-gallery columns-3 is-cropped wp-block-gallery-1 is-layout-flex wp-block-gallery-is-layout-flex\"><ul class=\"blocks-gallery-grid\"><li class=\"blocks-gallery-item\"><figure><img loading=\"lazy\" decoding=\"async\" width=\"1024\" height=\"768\" src=\"https:\/\/www.kindergarten-pusteblume.de\/WordPress_01\/wp-content\/uploads\/2021\/06\/Garten_Danke-1024x768.jpg\" alt=\"\" data-id=\"450\" data-full-url=\"https:\/\/www.kindergarten-pusteblume.de\/WordPress_01\/wp-content\/uploads\/2021\/06\/Garten_Danke.jpg\" data-link=\"https:\/\/www.kindergarten-pusteblume.de\/WordPress_01\/?attachment_id=450\" class=\"wp-image-450\" srcset=\"https:\/\/www.kindergarten-pusteblume.de\/WordPress_01\/wp-content\/uploads\/2021\/06\/Garten_Danke-1024x768.jpg 1024w, https:\/\/www.kindergarten-pusteblume.de\/WordPress_01\/wp-content\/uploads\/2021\/06\/Garten_Danke-300x225.jpg 300w, https:\/\/www.kindergarten-pusteblume.de\/WordPress_01\/wp-content\/uploads\/2021\/06\/Garten_Danke-768x576.jpg 768w, https:\/\/www.kindergarten-pusteblume.de\/WordPress_01\/wp-content\/uploads\/2021\/06\/Garten_Danke-1536x1152.jpg 1536w, https:\/\/www.kindergarten-pusteblume.de\/WordPress_01\/wp-content\/uploads\/2021\/06\/Garten_Danke.jpg 2016w\" sizes=\"(max-width: 767px) 89vw, (max-width: 1000px) 54vw, (max-width: 1071px) 543px, 580px\" \/><figcaption class=\"blocks-gallery-item__caption\">Alter und neuer Bauwart, die die Baustellenaufsicht hatten<\/figcaption><\/figure><\/li><li class=\"blocks-gallery-item\"><figure><img loading=\"lazy\" decoding=\"async\" width=\"1024\" height=\"768\" src=\"https:\/\/www.kindergarten-pusteblume.de\/WordPress_01\/wp-content\/uploads\/2021\/06\/Garten_Danke2-1024x768.jpg\" alt=\"\" data-id=\"451\" data-full-url=\"https:\/\/www.kindergarten-pusteblume.de\/WordPress_01\/wp-content\/uploads\/2021\/06\/Garten_Danke2.jpg\" data-link=\"https:\/\/www.kindergarten-pusteblume.de\/WordPress_01\/?attachment_id=451\" class=\"wp-image-451\" srcset=\"https:\/\/www.kindergarten-pusteblume.de\/WordPress_01\/wp-content\/uploads\/2021\/06\/Garten_Danke2-1024x768.jpg 1024w, https:\/\/www.kindergarten-pusteblume.de\/WordPress_01\/wp-content\/uploads\/2021\/06\/Garten_Danke2-300x225.jpg 300w, https:\/\/www.kindergarten-pusteblume.de\/WordPress_01\/wp-content\/uploads\/2021\/06\/Garten_Danke2-768x576.jpg 768w, https:\/\/www.kindergarten-pusteblume.de\/WordPress_01\/wp-content\/uploads\/2021\/06\/Garten_Danke2-1536x1152.jpg 1536w, https:\/\/www.kindergarten-pusteblume.de\/WordPress_01\/wp-content\/uploads\/2021\/06\/Garten_Danke2.jpg 2016w\" sizes=\"(max-width: 767px) 89vw, (max-width: 1000px) 54vw, (max-width: 1071px) 543px, 580px\" \/><figcaption class=\"blocks-gallery-item__caption\">Die Kinder bedanken sich mit tollen Bildern!<\/figcaption><\/figure><\/li><li class=\"blocks-gallery-item\"><figure><img loading=\"lazy\" decoding=\"async\" width=\"768\" height=\"1024\" src=\"https:\/\/www.kindergarten-pusteblume.de\/WordPress_01\/wp-content\/uploads\/2021\/06\/Garten_Rampe-768x1024.jpg\" alt=\"\" data-id=\"452\" data-full-url=\"https:\/\/www.kindergarten-pusteblume.de\/WordPress_01\/wp-content\/uploads\/2021\/06\/Garten_Rampe-rotated.jpg\" data-link=\"https:\/\/www.kindergarten-pusteblume.de\/WordPress_01\/?attachment_id=452\" class=\"wp-image-452\" srcset=\"https:\/\/www.kindergarten-pusteblume.de\/WordPress_01\/wp-content\/uploads\/2021\/06\/Garten_Rampe-768x1024.jpg 768w, https:\/\/www.kindergarten-pusteblume.de\/WordPress_01\/wp-content\/uploads\/2021\/06\/Garten_Rampe-225x300.jpg 225w, https:\/\/www.kindergarten-pusteblume.de\/WordPress_01\/wp-content\/uploads\/2021\/06\/Garten_Rampe-1152x1536.jpg 1152w, https:\/\/www.kindergarten-pusteblume.de\/WordPress_01\/wp-content\/uploads\/2021\/06\/Garten_Rampe-rotated.jpg 1512w\" sizes=\"(max-width: 767px) 89vw, (max-width: 1000px) 54vw, (max-width: 1071px) 543px, 580px\" \/><figcaption class=\"blocks-gallery-item__caption\">Die Rampe wertet unseren Spielh\u00fcgel auf<\/figcaption><\/figure><\/li><li class=\"blocks-gallery-item\"><figure><img loading=\"lazy\" decoding=\"async\" width=\"768\" height=\"1024\" src=\"https:\/\/www.kindergarten-pusteblume.de\/WordPress_01\/wp-content\/uploads\/2021\/06\/Garten_Schaukel-768x1024.jpg\" alt=\"\" data-id=\"453\" data-full-url=\"https:\/\/www.kindergarten-pusteblume.de\/WordPress_01\/wp-content\/uploads\/2021\/06\/Garten_Schaukel-rotated.jpg\" data-link=\"https:\/\/www.kindergarten-pusteblume.de\/WordPress_01\/?attachment_id=453\" class=\"wp-image-453\" srcset=\"https:\/\/www.kindergarten-pusteblume.de\/WordPress_01\/wp-content\/uploads\/2021\/06\/Garten_Schaukel-768x1024.jpg 768w, https:\/\/www.kindergarten-pusteblume.de\/WordPress_01\/wp-content\/uploads\/2021\/06\/Garten_Schaukel-225x300.jpg 225w, https:\/\/www.kindergarten-pusteblume.de\/WordPress_01\/wp-content\/uploads\/2021\/06\/Garten_Schaukel-1152x1536.jpg 1152w, https:\/\/www.kindergarten-pusteblume.de\/WordPress_01\/wp-content\/uploads\/2021\/06\/Garten_Schaukel-rotated.jpg 1512w\" sizes=\"(max-width: 767px) 89vw, (max-width: 1000px) 54vw, (max-width: 1071px) 543px, 580px\" \/><figcaption class=\"blocks-gallery-item__caption\">Endlich haben wir auch eine Schaukel!<\/figcaption><\/figure><\/li><li class=\"blocks-gallery-item\"><figure><img loading=\"lazy\" decoding=\"async\" width=\"1024\" height=\"768\" src=\"https:\/\/www.kindergarten-pusteblume.de\/WordPress_01\/wp-content\/uploads\/2021\/06\/Garten_Turm.jpg-1024x768.jpg\" alt=\"\" data-id=\"454\" data-full-url=\"https:\/\/www.kindergarten-pusteblume.de\/WordPress_01\/wp-content\/uploads\/2021\/06\/Garten_Turm.jpg.jpg\" data-link=\"https:\/\/www.kindergarten-pusteblume.de\/WordPress_01\/?attachment_id=454\" class=\"wp-image-454\" srcset=\"https:\/\/www.kindergarten-pusteblume.de\/WordPress_01\/wp-content\/uploads\/2021\/06\/Garten_Turm.jpg-1024x768.jpg 1024w, https:\/\/www.kindergarten-pusteblume.de\/WordPress_01\/wp-content\/uploads\/2021\/06\/Garten_Turm.jpg-300x225.jpg 300w, https:\/\/www.kindergarten-pusteblume.de\/WordPress_01\/wp-content\/uploads\/2021\/06\/Garten_Turm.jpg-768x576.jpg 768w, https:\/\/www.kindergarten-pusteblume.de\/WordPress_01\/wp-content\/uploads\/2021\/06\/Garten_Turm.jpg-1536x1152.jpg 1536w, https:\/\/www.kindergarten-pusteblume.de\/WordPress_01\/wp-content\/uploads\/2021\/06\/Garten_Turm.jpg.jpg 2016w\" sizes=\"(max-width: 767px) 89vw, (max-width: 1000px) 54vw, (max-width: 1071px) 543px, 580px\" \/><figcaption class=\"blocks-gallery-item__caption\">Der neue Spielturm passt perfekt in unseren Naturgarten<\/figcaption><\/figure><\/li><\/ul><\/figure>\n","protected":false},"excerpt":{"rendered":"<p>In den Pfingstferien wurde im Kindergarten Pusteblume gebuddelt und gebaut, so dass rechtzeitig zum Jahresendspurt unsere Kinder ihre neuen Spielger\u00e4te bekommen konnten. Die alten waren in die Jahre gekommen und mussten ersetzt werden. M\u00f6glich gemacht hat diesen Umbau vor allem eine gro\u00dfz\u00fcgige Zuwendung, die wir \u00fcber die Gl\u00fcckspirale erhalten konnten, dar\u00fcber sind wir super-dankbar!! Schaut &hellip; <\/p>\n<p class=\"link-more\"><a href=\"https:\/\/www.kindergarten-pusteblume.de\/WordPress_01\/?p=448\" class=\"more-link\"><span class=\"screen-reader-text\">\u201eNeuigkeiten im Garten\u201c<\/span> weiterlesen<\/a><\/p>\n","protected":false},"author":5,"featured_media":0,"comment_status":"closed","ping_status":"open","sticky":true,"template":"","format":"standard","meta":{"footnotes":""},"categories":[1],"tags":[],"_links":{"self":[{"href":"https:\/\/www.kindergarten-pusteblume.de\/WordPress_01\/index.php?rest_route=\/wp\/v2\/posts\/448"}],"collection":[{"href":"https:\/\/www.kindergarten-pusteblume.de\/WordPress_01\/index.php?rest_route=\/wp\/v2\/posts"}],"about":[{"href":"https:\/\/www.kindergarten-pusteblume.de\/WordPress_01\/index.php?rest_route=\/wp\/v2\/types\/post"}],"author":[{"embeddable":true,"href":"https:\/\/www.kindergarten-pusteblume.de\/WordPress_01\/index.php?rest_route=\/wp\/v2\/users\/5"}],"replies":[{"embeddable":true,"href":"https:\/\/www.kindergarten-pusteblume.de\/WordPress_01\/index.php?rest_route=%2Fwp%2Fv2%2Fcomments&post=448"}],"version-history":[{"count":3,"href":"https:\/\/www.kindergarten-pusteblume.de\/WordPress_01\/index.php?rest_route=\/wp\/v2\/posts\/448\/revisions"}],"predecessor-version":[{"id":457,"href":"https:\/\/www.kindergarten-pusteblume.de\/WordPress_01\/index.php?rest_route=\/wp\/v2\/posts\/448\/revisions\/457"}],"wp:attachment":[{"href":"https:\/\/www.kindergarten-pusteblume.de\/WordPress_01\/index.php?rest_route=%2Fwp%2Fv2%2Fmedia&parent=448"}],"wp:term":[{"taxonomy":"category","embeddable":true,"href":"https:\/\/www.kindergarten-pusteblume.de\/WordPress_01\/index.php?rest_route=%2Fwp%2Fv2%2Fcategories&post=448"},{"taxonomy":"post_tag","embeddable":true,"href":"https:\/\/www.kindergarten-pusteblume.de\/WordPress_01\/index.php?rest_route=%2Fwp%2Fv2%2Ftags&post=448"}],"curies":[{"name":"wp","href":"https:\/\/api.w.org\/{rel}","templated":true}]}}