{"id":405,"date":"2021-03-18T19:59:50","date_gmt":"2021-03-18T19:59:50","guid":{"rendered":"https:\/\/www.kindergarten-pusteblume.de\/WordPress_01\/?p=405"},"modified":"2021-05-19T21:13:03","modified_gmt":"2021-05-19T21:13:03","slug":"tag-der-offenen-tuer-17-3-2021-mit-virtuellem-rundgang","status":"publish","type":"post","link":"https:\/\/www.kindergarten-pusteblume.de\/WordPress_01\/?p=405","title":{"rendered":"Tag der offenen T\u00fcr, 17.3.2021 mit virtuellem Rundgang"},"content":{"rendered":"\n<div class=\"wp-block-image\"><figure class=\"aligncenter size-large\"><img loading=\"lazy\" decoding=\"async\" width=\"1024\" height=\"587\" src=\"https:\/\/www.kindergarten-pusteblume.de\/WordPress_01\/wp-content\/uploads\/2021\/03\/Willkommen-1024x587.jpg\" alt=\"\" class=\"wp-image-406\" srcset=\"https:\/\/www.kindergarten-pusteblume.de\/WordPress_01\/wp-content\/uploads\/2021\/03\/Willkommen-1024x587.jpg 1024w, https:\/\/www.kindergarten-pusteblume.de\/WordPress_01\/wp-content\/uploads\/2021\/03\/Willkommen-300x172.jpg 300w, https:\/\/www.kindergarten-pusteblume.de\/WordPress_01\/wp-content\/uploads\/2021\/03\/Willkommen-768x441.jpg 768w, https:\/\/www.kindergarten-pusteblume.de\/WordPress_01\/wp-content\/uploads\/2021\/03\/Willkommen-1536x881.jpg 1536w, https:\/\/www.kindergarten-pusteblume.de\/WordPress_01\/wp-content\/uploads\/2021\/03\/Willkommen.jpg 1651w\" sizes=\"(max-width: 767px) 89vw, (max-width: 1000px) 54vw, (max-width: 1071px) 543px, 580px\" \/><\/figure><\/div>\n\n\n\n<p><\/p>\n\n\n\n<p>Gestern durften wir unsere Kindergartent\u00fcr \u00f6ffnen, um angemeldeten interessierten Eltern unsere R\u00e4ume und den Garten zu zeigen. <\/p>\n\n\n\n<p>Falls Sie es nicht einrichten konnten, finden Sie hier einen kleinen virtuellen Rundgang durch unseren Kindergarten:<br><a href=\"https:\/\/vimeo.com\/525673539\/ef3616a60d\" target=\"_blank\" rel=\"noreferrer noopener\">https:\/\/vimeo.com\/525673539\/ef3616a60d<\/a><\/p>\n\n\n\n<p><\/p>\n","protected":false},"excerpt":{"rendered":"<p>Gestern durften wir unsere Kindergartent\u00fcr \u00f6ffnen, um angemeldeten interessierten Eltern unsere R\u00e4ume und den Garten zu zeigen. Falls Sie es nicht einrichten konnten, finden Sie hier einen kleinen virtuellen Rundgang durch unseren Kindergarten:https:\/\/vimeo.com\/525673539\/ef3616a60d<\/p>\n","protected":false},"author":5,"featured_media":0,"comment_status":"closed","ping_status":"open","sticky":true,"template":"","format":"standard","meta":{"footnotes":""},"categories":[1],"tags":[],"_links":{"self":[{"href":"https:\/\/www.kindergarten-pusteblume.de\/WordPress_01\/index.php?rest_route=\/wp\/v2\/posts\/405"}],"collection":[{"href":"https:\/\/www.kindergarten-pusteblume.de\/WordPress_01\/index.php?rest_route=\/wp\/v2\/posts"}],"about":[{"href":"https:\/\/www.kindergarten-pusteblume.de\/WordPress_01\/index.php?rest_route=\/wp\/v2\/types\/post"}],"author":[{"embeddable":true,"href":"https:\/\/www.kindergarten-pusteblume.de\/WordPress_01\/index.php?rest_route=\/wp\/v2\/users\/5"}],"replies":[{"embeddable":true,"href":"https:\/\/www.kindergarten-pusteblume.de\/WordPress_01\/index.php?rest_route=%2Fwp%2Fv2%2Fcomments&post=405"}],"version-history":[{"count":5,"href":"https:\/\/www.kindergarten-pusteblume.de\/WordPress_01\/index.php?rest_route=\/wp\/v2\/posts\/405\/revisions"}],"predecessor-version":[{"id":446,"href":"https:\/\/www.kindergarten-pusteblume.de\/WordPress_01\/index.php?rest_route=\/wp\/v2\/posts\/405\/revisions\/446"}],"wp:attachment":[{"href":"https:\/\/www.kindergarten-pusteblume.de\/WordPress_01\/index.php?rest_route=%2Fwp%2Fv2%2Fmedia&parent=405"}],"wp:term":[{"taxonomy":"category","embeddable":true,"href":"https:\/\/www.kindergarten-pusteblume.de\/WordPress_01\/index.php?rest_route=%2Fwp%2Fv2%2Fcategories&post=405"},{"taxonomy":"post_tag","embeddable":true,"href":"https:\/\/www.kindergarten-pusteblume.de\/WordPress_01\/index.php?rest_route=%2Fwp%2Fv2%2Ftags&post=405"}],"curies":[{"name":"wp","href":"https:\/\/api.w.org\/{rel}","templated":true}]}}