{"id":1201,"date":"2025-04-11T09:28:33","date_gmt":"2025-04-11T09:28:33","guid":{"rendered":"https:\/\/www.kindergarten-pusteblume.de\/WordPress_01\/?p=1201"},"modified":"2025-04-11T09:28:33","modified_gmt":"2025-04-11T09:28:33","slug":"froehliches-osterfest-im-kindergarten-pusteblume","status":"publish","type":"post","link":"https:\/\/www.kindergarten-pusteblume.de\/WordPress_01\/?p=1201","title":{"rendered":"Fr\u00f6hliches Osterfest im Kindergarten Pusteblume"},"content":{"rendered":"\n<p>Am vergangenen Donnerstag verwandelte sich unser Kindergarten Pusteblume in ein fr\u00f6hliches Fr\u00fchlingsparadies \u2013 denn es wurde mit den Kindern ein wundersch\u00f6nes Osterfest gefeiert!<\/p>\n\n\n\n<p>Den Auftakt bildete ein gro\u00dfer gemeinsamer Morgenkreis, bei dem die Kinder mit strahlenden Augen und viel Neugier auf das bevorstehende Fest eingestimmt wurden. Gemeinsam wurden Fr\u00fchlingslieder gesungen und \u00fcber den Osterhasen gesprochen \u2013 wer er wohl ist, woher er kommt und was er uns bringen k\u00f6nnte?<\/p>\n\n\n\n<p>Im Anschluss durften sich alle Kinder an einem liebevoll hergerichteten Fr\u00fchst\u00fccksbuffet st\u00e4rken. Von frischem Obst, bunten Eiern, kleinen Naschereien bis hin zu selbstgebackenem Geb\u00e4ck war f\u00fcr jeden Geschmack etwas dabei. Ein herzliches Dankesch\u00f6n an alle Eltern, die mit ihren kulinarischen Beitr\u00e4gen zu diesem reichhaltigen Buffet beigetragen haben \u2013 die Kinder waren begeistert!<\/p>\n\n\n\n<p>Der H\u00f6hepunkt des Tages war ohne Zweifel die gro\u00dfe Osternestsuche im Garten. Mit ihren selbstgebastelten Osterk\u00f6rbchen in der Hand, die sie in den Tagen zuvor mit viel M\u00fche und Kreativit\u00e4t gestaltet hatten, machten sich die Kinder voller Vorfreude auf die Suche. \u00dcberall zwischen Str\u00e4uchern, Blumen und B\u00e4umen waren bunte Osternester versteckt \u2013 und die Freude war gro\u00df, als die K\u00f6rbchen gefunden wurden.<\/p>\n\n\n\n<p>Wir blicken zur\u00fcck auf ein rundum gelungenes Fest voller Lachen, Freude und leuchtender Kinderaugen \u2013 ein wunderbarer Start in die Osterferien!<\/p>\n\n\n\n<p>Frohe Ostern an alle!<\/p>\n\n\n\n<figure class=\"wp-block-gallery has-nested-images columns-default is-cropped wp-block-gallery-1 is-layout-flex wp-block-gallery-is-layout-flex\">\n<figure class=\"wp-block-image size-large\"><img loading=\"lazy\" decoding=\"async\" width=\"1024\" height=\"802\" data-id=\"1202\" src=\"https:\/\/www.kindergarten-pusteblume.de\/WordPress_01\/wp-content\/uploads\/2025\/04\/WhatsApp-Image-2025-04-11-at-10.06.19-1024x802.jpeg\" alt=\"\" class=\"wp-image-1202\" srcset=\"https:\/\/www.kindergarten-pusteblume.de\/WordPress_01\/wp-content\/uploads\/2025\/04\/WhatsApp-Image-2025-04-11-at-10.06.19-1024x802.jpeg 1024w, https:\/\/www.kindergarten-pusteblume.de\/WordPress_01\/wp-content\/uploads\/2025\/04\/WhatsApp-Image-2025-04-11-at-10.06.19-300x235.jpeg 300w, https:\/\/www.kindergarten-pusteblume.de\/WordPress_01\/wp-content\/uploads\/2025\/04\/WhatsApp-Image-2025-04-11-at-10.06.19-768x601.jpeg 768w, https:\/\/www.kindergarten-pusteblume.de\/WordPress_01\/wp-content\/uploads\/2025\/04\/WhatsApp-Image-2025-04-11-at-10.06.19-1536x1202.jpeg 1536w, https:\/\/www.kindergarten-pusteblume.de\/WordPress_01\/wp-content\/uploads\/2025\/04\/WhatsApp-Image-2025-04-11-at-10.06.19.jpeg 2048w\" sizes=\"(max-width: 767px) 89vw, (max-width: 1000px) 54vw, (max-width: 1071px) 543px, 580px\" \/><\/figure>\n\n\n\n<figure class=\"wp-block-image size-large\"><img loading=\"lazy\" decoding=\"async\" width=\"641\" height=\"1024\" data-id=\"1203\" src=\"https:\/\/www.kindergarten-pusteblume.de\/WordPress_01\/wp-content\/uploads\/2025\/04\/WhatsApp-Image-2025-04-11-at-10.06.19-1-641x1024.jpeg\" alt=\"\" class=\"wp-image-1203\" srcset=\"https:\/\/www.kindergarten-pusteblume.de\/WordPress_01\/wp-content\/uploads\/2025\/04\/WhatsApp-Image-2025-04-11-at-10.06.19-1-641x1024.jpeg 641w, https:\/\/www.kindergarten-pusteblume.de\/WordPress_01\/wp-content\/uploads\/2025\/04\/WhatsApp-Image-2025-04-11-at-10.06.19-1-188x300.jpeg 188w, https:\/\/www.kindergarten-pusteblume.de\/WordPress_01\/wp-content\/uploads\/2025\/04\/WhatsApp-Image-2025-04-11-at-10.06.19-1-768x1227.jpeg 768w, https:\/\/www.kindergarten-pusteblume.de\/WordPress_01\/wp-content\/uploads\/2025\/04\/WhatsApp-Image-2025-04-11-at-10.06.19-1-962x1536.jpeg 962w, https:\/\/www.kindergarten-pusteblume.de\/WordPress_01\/wp-content\/uploads\/2025\/04\/WhatsApp-Image-2025-04-11-at-10.06.19-1.jpeg 1282w\" sizes=\"(max-width: 641px) 100vw, 641px\" \/><\/figure>\n<\/figure>\n\n\n\n<figure class=\"wp-block-gallery has-nested-images columns-default is-cropped wp-block-gallery-2 is-layout-flex wp-block-gallery-is-layout-flex\">\n<figure class=\"wp-block-image size-large\"><img loading=\"lazy\" decoding=\"async\" width=\"768\" height=\"1024\" data-id=\"1204\" src=\"https:\/\/www.kindergarten-pusteblume.de\/WordPress_01\/wp-content\/uploads\/2025\/04\/WhatsApp-Image-2025-04-11-at-10.06.19-2-768x1024.jpeg\" alt=\"\" class=\"wp-image-1204\" srcset=\"https:\/\/www.kindergarten-pusteblume.de\/WordPress_01\/wp-content\/uploads\/2025\/04\/WhatsApp-Image-2025-04-11-at-10.06.19-2-768x1024.jpeg 768w, https:\/\/www.kindergarten-pusteblume.de\/WordPress_01\/wp-content\/uploads\/2025\/04\/WhatsApp-Image-2025-04-11-at-10.06.19-2-225x300.jpeg 225w, https:\/\/www.kindergarten-pusteblume.de\/WordPress_01\/wp-content\/uploads\/2025\/04\/WhatsApp-Image-2025-04-11-at-10.06.19-2-1152x1536.jpeg 1152w, https:\/\/www.kindergarten-pusteblume.de\/WordPress_01\/wp-content\/uploads\/2025\/04\/WhatsApp-Image-2025-04-11-at-10.06.19-2.jpeg 1536w\" sizes=\"(max-width: 767px) 89vw, (max-width: 1000px) 54vw, (max-width: 1071px) 543px, 580px\" \/><\/figure>\n\n\n\n<figure class=\"wp-block-image size-large\"><img loading=\"lazy\" decoding=\"async\" width=\"1024\" height=\"435\" data-id=\"1205\" src=\"https:\/\/www.kindergarten-pusteblume.de\/WordPress_01\/wp-content\/uploads\/2025\/04\/WhatsApp-Image-2025-04-11-at-10.06.20-1024x435.jpeg\" alt=\"\" class=\"wp-image-1205\" srcset=\"https:\/\/www.kindergarten-pusteblume.de\/WordPress_01\/wp-content\/uploads\/2025\/04\/WhatsApp-Image-2025-04-11-at-10.06.20-1024x435.jpeg 1024w, https:\/\/www.kindergarten-pusteblume.de\/WordPress_01\/wp-content\/uploads\/2025\/04\/WhatsApp-Image-2025-04-11-at-10.06.20-300x127.jpeg 300w, https:\/\/www.kindergarten-pusteblume.de\/WordPress_01\/wp-content\/uploads\/2025\/04\/WhatsApp-Image-2025-04-11-at-10.06.20-768x326.jpeg 768w, https:\/\/www.kindergarten-pusteblume.de\/WordPress_01\/wp-content\/uploads\/2025\/04\/WhatsApp-Image-2025-04-11-at-10.06.20-1536x653.jpeg 1536w, https:\/\/www.kindergarten-pusteblume.de\/WordPress_01\/wp-content\/uploads\/2025\/04\/WhatsApp-Image-2025-04-11-at-10.06.20.jpeg 2048w\" sizes=\"(max-width: 767px) 89vw, (max-width: 1000px) 54vw, (max-width: 1071px) 543px, 580px\" \/><\/figure>\n<\/figure>\n","protected":false},"excerpt":{"rendered":"<p>Am vergangenen Donnerstag verwandelte sich unser Kindergarten Pusteblume in ein fr\u00f6hliches Fr\u00fchlingsparadies \u2013 denn es wurde mit den Kindern ein wundersch\u00f6nes Osterfest gefeiert! Den Auftakt bildete ein gro\u00dfer gemeinsamer Morgenkreis, bei dem die Kinder mit strahlenden Augen und viel Neugier auf das bevorstehende Fest eingestimmt wurden. Gemeinsam wurden Fr\u00fchlingslieder gesungen und \u00fcber den Osterhasen gesprochen &hellip; <\/p>\n<p class=\"link-more\"><a href=\"https:\/\/www.kindergarten-pusteblume.de\/WordPress_01\/?p=1201\" class=\"more-link\"><span class=\"screen-reader-text\">\u201eFr\u00f6hliches Osterfest im Kindergarten Pusteblume\u201c<\/span> weiterlesen<\/a><\/p>\n","protected":false},"author":5,"featured_media":0,"comment_status":"closed","ping_status":"open","sticky":true,"template":"","format":"standard","meta":{"footnotes":""},"categories":[1],"tags":[],"_links":{"self":[{"href":"https:\/\/www.kindergarten-pusteblume.de\/WordPress_01\/index.php?rest_route=\/wp\/v2\/posts\/1201"}],"collection":[{"href":"https:\/\/www.kindergarten-pusteblume.de\/WordPress_01\/index.php?rest_route=\/wp\/v2\/posts"}],"about":[{"href":"https:\/\/www.kindergarten-pusteblume.de\/WordPress_01\/index.php?rest_route=\/wp\/v2\/types\/post"}],"author":[{"embeddable":true,"href":"https:\/\/www.kindergarten-pusteblume.de\/WordPress_01\/index.php?rest_route=\/wp\/v2\/users\/5"}],"replies":[{"embeddable":true,"href":"https:\/\/www.kindergarten-pusteblume.de\/WordPress_01\/index.php?rest_route=%2Fwp%2Fv2%2Fcomments&post=1201"}],"version-history":[{"count":1,"href":"https:\/\/www.kindergarten-pusteblume.de\/WordPress_01\/index.php?rest_route=\/wp\/v2\/posts\/1201\/revisions"}],"predecessor-version":[{"id":1206,"href":"https:\/\/www.kindergarten-pusteblume.de\/WordPress_01\/index.php?rest_route=\/wp\/v2\/posts\/1201\/revisions\/1206"}],"wp:attachment":[{"href":"https:\/\/www.kindergarten-pusteblume.de\/WordPress_01\/index.php?rest_route=%2Fwp%2Fv2%2Fmedia&parent=1201"}],"wp:term":[{"taxonomy":"category","embeddable":true,"href":"https:\/\/www.kindergarten-pusteblume.de\/WordPress_01\/index.php?rest_route=%2Fwp%2Fv2%2Fcategories&post=1201"},{"taxonomy":"post_tag","embeddable":true,"href":"https:\/\/www.kindergarten-pusteblume.de\/WordPress_01\/index.php?rest_route=%2Fwp%2Fv2%2Ftags&post=1201"}],"curies":[{"name":"wp","href":"https:\/\/api.w.org\/{rel}","templated":true}]}}