{"id":1195,"date":"2025-04-08T20:27:56","date_gmt":"2025-04-08T20:27:56","guid":{"rendered":"https:\/\/www.kindergarten-pusteblume.de\/WordPress_01\/?p=1195"},"modified":"2025-04-08T20:28:17","modified_gmt":"2025-04-08T20:28:17","slug":"kasperltheater-im-kindergarten-pusteblume-ein-unvergesslicher-nachmittag","status":"publish","type":"post","link":"https:\/\/www.kindergarten-pusteblume.de\/WordPress_01\/?p=1195","title":{"rendered":"Kasperltheater im Kindergarten Pusteblume \u2013 Ein unvergesslicher Nachmittag!"},"content":{"rendered":"\n<p>Heute gab es im Kindergarten Pusteblume einen ganz besonderen Vormittag: Das Kasperltheater!<\/p>\n\n\n\n<p>Die Kinder waren begeistert, als die Kasperlb\u00fchne er\u00f6ffnet wurde. Mit viel Lachen, Staunen und mitrei\u00dfenden Geschichten erlebten sie die spannenden Abenteuer von Kasperle und seinen Freunden. Der Darsteller f\u00fchrte die Kinder durch die lustigen Szenen, die sowohl f\u00fcr Spannung als auch f\u00fcr herzhaftes Lachen sorgten.<\/p>\n\n\n\n<div class=\"wp-block-group is-nowrap is-layout-flex wp-container-core-group-is-layout-1 wp-block-group-is-layout-flex\">\n<p>Doch das war noch nicht alles: Nach der Auff\u00fchrung war die Begeisterung bei den Kindern so gro\u00df, dass sie gleich selbst aktiv wurden! Mit Eifer und Kreativit\u00e4t bauten sie ihre eigene Kasperleb\u00fchne in der Gruppe auf und f\u00fchrten ihre eigenen kleinen St\u00fccke auf. Es war so sch\u00f6n zu sehen, wie die Kinder mit viel Freude und Fantasie in die Welt des Theaters eintauchten und ihre eigenen Geschichten zum Leben erweckten.<\/p>\n<\/div>\n\n\n\n<p>Ein rundum gelungener Tag, der nicht nur den Regen vergessen lie\u00df, sondern auch viel Spa\u00df und Teamarbeit f\u00f6rderte.<\/p>\n\n\n\n<figure class=\"wp-block-image size-large\"><img loading=\"lazy\" decoding=\"async\" width=\"1024\" height=\"744\" src=\"https:\/\/www.kindergarten-pusteblume.de\/WordPress_01\/wp-content\/uploads\/2025\/04\/WhatsApp-Image-2025-04-01-at-13.57.17-1024x744.jpeg\" alt=\"\" class=\"wp-image-1197\" srcset=\"https:\/\/www.kindergarten-pusteblume.de\/WordPress_01\/wp-content\/uploads\/2025\/04\/WhatsApp-Image-2025-04-01-at-13.57.17-1024x744.jpeg 1024w, https:\/\/www.kindergarten-pusteblume.de\/WordPress_01\/wp-content\/uploads\/2025\/04\/WhatsApp-Image-2025-04-01-at-13.57.17-300x218.jpeg 300w, https:\/\/www.kindergarten-pusteblume.de\/WordPress_01\/wp-content\/uploads\/2025\/04\/WhatsApp-Image-2025-04-01-at-13.57.17-768x558.jpeg 768w, https:\/\/www.kindergarten-pusteblume.de\/WordPress_01\/wp-content\/uploads\/2025\/04\/WhatsApp-Image-2025-04-01-at-13.57.17-1536x1116.jpeg 1536w, https:\/\/www.kindergarten-pusteblume.de\/WordPress_01\/wp-content\/uploads\/2025\/04\/WhatsApp-Image-2025-04-01-at-13.57.17.jpeg 2048w\" sizes=\"(max-width: 767px) 89vw, (max-width: 1000px) 54vw, (max-width: 1071px) 543px, 580px\" \/><\/figure>\n\n\n\n<figure class=\"wp-block-image size-large\"><img loading=\"lazy\" decoding=\"async\" width=\"846\" height=\"1024\" src=\"https:\/\/www.kindergarten-pusteblume.de\/WordPress_01\/wp-content\/uploads\/2025\/04\/WhatsApp-Image-2025-04-01-at-13.57.16-1-846x1024.jpeg\" alt=\"\" class=\"wp-image-1199\" srcset=\"https:\/\/www.kindergarten-pusteblume.de\/WordPress_01\/wp-content\/uploads\/2025\/04\/WhatsApp-Image-2025-04-01-at-13.57.16-1-846x1024.jpeg 846w, https:\/\/www.kindergarten-pusteblume.de\/WordPress_01\/wp-content\/uploads\/2025\/04\/WhatsApp-Image-2025-04-01-at-13.57.16-1-248x300.jpeg 248w, https:\/\/www.kindergarten-pusteblume.de\/WordPress_01\/wp-content\/uploads\/2025\/04\/WhatsApp-Image-2025-04-01-at-13.57.16-1-768x930.jpeg 768w, https:\/\/www.kindergarten-pusteblume.de\/WordPress_01\/wp-content\/uploads\/2025\/04\/WhatsApp-Image-2025-04-01-at-13.57.16-1-1269x1536.jpeg 1269w, https:\/\/www.kindergarten-pusteblume.de\/WordPress_01\/wp-content\/uploads\/2025\/04\/WhatsApp-Image-2025-04-01-at-13.57.16-1.jpeg 1653w\" sizes=\"(max-width: 767px) 89vw, (max-width: 1000px) 54vw, (max-width: 1071px) 543px, 580px\" \/><\/figure>\n","protected":false},"excerpt":{"rendered":"<p>Heute gab es im Kindergarten Pusteblume einen ganz besonderen Vormittag: Das Kasperltheater! Die Kinder waren begeistert, als die Kasperlb\u00fchne er\u00f6ffnet wurde. Mit viel Lachen, Staunen und mitrei\u00dfenden Geschichten erlebten sie die spannenden Abenteuer von Kasperle und seinen Freunden. Der Darsteller f\u00fchrte die Kinder durch die lustigen Szenen, die sowohl f\u00fcr Spannung als auch f\u00fcr herzhaftes &hellip; <\/p>\n<p class=\"link-more\"><a href=\"https:\/\/www.kindergarten-pusteblume.de\/WordPress_01\/?p=1195\" class=\"more-link\"><span class=\"screen-reader-text\">\u201eKasperltheater im Kindergarten Pusteblume \u2013 Ein unvergesslicher Nachmittag!\u201c<\/span> weiterlesen<\/a><\/p>\n","protected":false},"author":5,"featured_media":0,"comment_status":"closed","ping_status":"open","sticky":true,"template":"","format":"standard","meta":{"footnotes":""},"categories":[1],"tags":[],"_links":{"self":[{"href":"https:\/\/www.kindergarten-pusteblume.de\/WordPress_01\/index.php?rest_route=\/wp\/v2\/posts\/1195"}],"collection":[{"href":"https:\/\/www.kindergarten-pusteblume.de\/WordPress_01\/index.php?rest_route=\/wp\/v2\/posts"}],"about":[{"href":"https:\/\/www.kindergarten-pusteblume.de\/WordPress_01\/index.php?rest_route=\/wp\/v2\/types\/post"}],"author":[{"embeddable":true,"href":"https:\/\/www.kindergarten-pusteblume.de\/WordPress_01\/index.php?rest_route=\/wp\/v2\/users\/5"}],"replies":[{"embeddable":true,"href":"https:\/\/www.kindergarten-pusteblume.de\/WordPress_01\/index.php?rest_route=%2Fwp%2Fv2%2Fcomments&post=1195"}],"version-history":[{"count":2,"href":"https:\/\/www.kindergarten-pusteblume.de\/WordPress_01\/index.php?rest_route=\/wp\/v2\/posts\/1195\/revisions"}],"predecessor-version":[{"id":1200,"href":"https:\/\/www.kindergarten-pusteblume.de\/WordPress_01\/index.php?rest_route=\/wp\/v2\/posts\/1195\/revisions\/1200"}],"wp:attachment":[{"href":"https:\/\/www.kindergarten-pusteblume.de\/WordPress_01\/index.php?rest_route=%2Fwp%2Fv2%2Fmedia&parent=1195"}],"wp:term":[{"taxonomy":"category","embeddable":true,"href":"https:\/\/www.kindergarten-pusteblume.de\/WordPress_01\/index.php?rest_route=%2Fwp%2Fv2%2Fcategories&post=1195"},{"taxonomy":"post_tag","embeddable":true,"href":"https:\/\/www.kindergarten-pusteblume.de\/WordPress_01\/index.php?rest_route=%2Fwp%2Fv2%2Ftags&post=1195"}],"curies":[{"name":"wp","href":"https:\/\/api.w.org\/{rel}","templated":true}]}}