{"id":1184,"date":"2025-03-12T09:30:51","date_gmt":"2025-03-12T09:30:51","guid":{"rendered":"https:\/\/www.kindergarten-pusteblume.de\/WordPress_01\/?p=1184"},"modified":"2025-03-12T09:31:01","modified_gmt":"2025-03-12T09:31:01","slug":"buntes-faschingstreiben-im-kindergarten-pusteblume","status":"publish","type":"post","link":"https:\/\/www.kindergarten-pusteblume.de\/WordPress_01\/?p=1184","title":{"rendered":"Buntes Faschingstreiben im Kindergarten Pusteblume"},"content":{"rendered":"\n<p>Im Kindergarten Pusteblume wurde Fasching in diesem Jahr unter dem fr\u00f6hlichen Motto <strong>\u201eRegenbogenland\u201c<\/strong> gefeiert \u2013 eine Idee, die die Kinder selbst gew\u00e4hlt haben. Bunt kost\u00fcmiert tauchten sie in eine Welt voller Farben ein und erlebten einen unvergesslichen Tag.<\/p>\n\n\n\n<p>Neben lustigen Spielen und einer fr\u00f6hlichen Kost\u00fcmschau gab es ein leckeres Fr\u00fchst\u00fcck, das keine W\u00fcnsche offenlie\u00df. Ein herzliches Dankesch\u00f6n an alle Eltern f\u00fcr die k\u00f6stlichen Beitr\u00e4ge zum Buffet! Die Kinder hatten gro\u00dfen Spa\u00df und werden diesen farbenfrohen Tag sicher noch lange in Erinnerung behalten. <\/p>\n\n\n\n<figure class=\"wp-block-image size-large\"><img loading=\"lazy\" decoding=\"async\" width=\"835\" height=\"1024\" src=\"https:\/\/www.kindergarten-pusteblume.de\/WordPress_01\/wp-content\/uploads\/2025\/03\/7f49de3a-1d85-4978-8aa1-9e0059d2c75d-835x1024.jpg\" alt=\"\" class=\"wp-image-1187\" srcset=\"https:\/\/www.kindergarten-pusteblume.de\/WordPress_01\/wp-content\/uploads\/2025\/03\/7f49de3a-1d85-4978-8aa1-9e0059d2c75d-835x1024.jpg 835w, https:\/\/www.kindergarten-pusteblume.de\/WordPress_01\/wp-content\/uploads\/2025\/03\/7f49de3a-1d85-4978-8aa1-9e0059d2c75d-245x300.jpg 245w, https:\/\/www.kindergarten-pusteblume.de\/WordPress_01\/wp-content\/uploads\/2025\/03\/7f49de3a-1d85-4978-8aa1-9e0059d2c75d-768x941.jpg 768w, https:\/\/www.kindergarten-pusteblume.de\/WordPress_01\/wp-content\/uploads\/2025\/03\/7f49de3a-1d85-4978-8aa1-9e0059d2c75d-1253x1536.jpg 1253w, https:\/\/www.kindergarten-pusteblume.de\/WordPress_01\/wp-content\/uploads\/2025\/03\/7f49de3a-1d85-4978-8aa1-9e0059d2c75d.jpg 1284w\" sizes=\"(max-width: 767px) 89vw, (max-width: 1000px) 54vw, (max-width: 1071px) 543px, 580px\" \/><\/figure>\n\n\n\n<figure class=\"wp-block-image size-large\"><img loading=\"lazy\" decoding=\"async\" width=\"1024\" height=\"768\" src=\"https:\/\/www.kindergarten-pusteblume.de\/WordPress_01\/wp-content\/uploads\/2025\/03\/e81fa723-d130-413b-94bd-26a5bf508249-1024x768.jpg\" alt=\"\" class=\"wp-image-1190\" srcset=\"https:\/\/www.kindergarten-pusteblume.de\/WordPress_01\/wp-content\/uploads\/2025\/03\/e81fa723-d130-413b-94bd-26a5bf508249-1024x768.jpg 1024w, https:\/\/www.kindergarten-pusteblume.de\/WordPress_01\/wp-content\/uploads\/2025\/03\/e81fa723-d130-413b-94bd-26a5bf508249-300x225.jpg 300w, https:\/\/www.kindergarten-pusteblume.de\/WordPress_01\/wp-content\/uploads\/2025\/03\/e81fa723-d130-413b-94bd-26a5bf508249-768x576.jpg 768w, https:\/\/www.kindergarten-pusteblume.de\/WordPress_01\/wp-content\/uploads\/2025\/03\/e81fa723-d130-413b-94bd-26a5bf508249-1536x1152.jpg 1536w, https:\/\/www.kindergarten-pusteblume.de\/WordPress_01\/wp-content\/uploads\/2025\/03\/e81fa723-d130-413b-94bd-26a5bf508249.jpg 2048w\" sizes=\"(max-width: 767px) 89vw, (max-width: 1000px) 54vw, (max-width: 1071px) 543px, 580px\" \/><\/figure>\n\n\n\n<figure class=\"wp-block-image size-large\"><img loading=\"lazy\" decoding=\"async\" width=\"896\" height=\"1024\" src=\"https:\/\/www.kindergarten-pusteblume.de\/WordPress_01\/wp-content\/uploads\/2025\/03\/9c96a80e-ddf6-496c-a5c2-26a167085978-896x1024.jpg\" alt=\"\" class=\"wp-image-1192\" srcset=\"https:\/\/www.kindergarten-pusteblume.de\/WordPress_01\/wp-content\/uploads\/2025\/03\/9c96a80e-ddf6-496c-a5c2-26a167085978-896x1024.jpg 896w, https:\/\/www.kindergarten-pusteblume.de\/WordPress_01\/wp-content\/uploads\/2025\/03\/9c96a80e-ddf6-496c-a5c2-26a167085978-262x300.jpg 262w, https:\/\/www.kindergarten-pusteblume.de\/WordPress_01\/wp-content\/uploads\/2025\/03\/9c96a80e-ddf6-496c-a5c2-26a167085978-768x878.jpg 768w, https:\/\/www.kindergarten-pusteblume.de\/WordPress_01\/wp-content\/uploads\/2025\/03\/9c96a80e-ddf6-496c-a5c2-26a167085978-1344x1536.jpg 1344w, https:\/\/www.kindergarten-pusteblume.de\/WordPress_01\/wp-content\/uploads\/2025\/03\/9c96a80e-ddf6-496c-a5c2-26a167085978.jpg 1651w\" sizes=\"(max-width: 767px) 89vw, (max-width: 1000px) 54vw, (max-width: 1071px) 543px, 580px\" \/><\/figure>\n","protected":false},"excerpt":{"rendered":"<p>Im Kindergarten Pusteblume wurde Fasching in diesem Jahr unter dem fr\u00f6hlichen Motto \u201eRegenbogenland\u201c gefeiert \u2013 eine Idee, die die Kinder selbst gew\u00e4hlt haben. Bunt kost\u00fcmiert tauchten sie in eine Welt voller Farben ein und erlebten einen unvergesslichen Tag. Neben lustigen Spielen und einer fr\u00f6hlichen Kost\u00fcmschau gab es ein leckeres Fr\u00fchst\u00fcck, das keine W\u00fcnsche offenlie\u00df. Ein &hellip; <\/p>\n<p class=\"link-more\"><a href=\"https:\/\/www.kindergarten-pusteblume.de\/WordPress_01\/?p=1184\" class=\"more-link\"><span class=\"screen-reader-text\">\u201eBuntes Faschingstreiben im Kindergarten Pusteblume\u201c<\/span> weiterlesen<\/a><\/p>\n","protected":false},"author":5,"featured_media":0,"comment_status":"closed","ping_status":"open","sticky":true,"template":"","format":"standard","meta":{"footnotes":""},"categories":[1],"tags":[],"_links":{"self":[{"href":"https:\/\/www.kindergarten-pusteblume.de\/WordPress_01\/index.php?rest_route=\/wp\/v2\/posts\/1184"}],"collection":[{"href":"https:\/\/www.kindergarten-pusteblume.de\/WordPress_01\/index.php?rest_route=\/wp\/v2\/posts"}],"about":[{"href":"https:\/\/www.kindergarten-pusteblume.de\/WordPress_01\/index.php?rest_route=\/wp\/v2\/types\/post"}],"author":[{"embeddable":true,"href":"https:\/\/www.kindergarten-pusteblume.de\/WordPress_01\/index.php?rest_route=\/wp\/v2\/users\/5"}],"replies":[{"embeddable":true,"href":"https:\/\/www.kindergarten-pusteblume.de\/WordPress_01\/index.php?rest_route=%2Fwp%2Fv2%2Fcomments&post=1184"}],"version-history":[{"count":1,"href":"https:\/\/www.kindergarten-pusteblume.de\/WordPress_01\/index.php?rest_route=\/wp\/v2\/posts\/1184\/revisions"}],"predecessor-version":[{"id":1193,"href":"https:\/\/www.kindergarten-pusteblume.de\/WordPress_01\/index.php?rest_route=\/wp\/v2\/posts\/1184\/revisions\/1193"}],"wp:attachment":[{"href":"https:\/\/www.kindergarten-pusteblume.de\/WordPress_01\/index.php?rest_route=%2Fwp%2Fv2%2Fmedia&parent=1184"}],"wp:term":[{"taxonomy":"category","embeddable":true,"href":"https:\/\/www.kindergarten-pusteblume.de\/WordPress_01\/index.php?rest_route=%2Fwp%2Fv2%2Fcategories&post=1184"},{"taxonomy":"post_tag","embeddable":true,"href":"https:\/\/www.kindergarten-pusteblume.de\/WordPress_01\/index.php?rest_route=%2Fwp%2Fv2%2Ftags&post=1184"}],"curies":[{"name":"wp","href":"https:\/\/api.w.org\/{rel}","templated":true}]}}