{"id":1180,"date":"2025-02-25T18:40:40","date_gmt":"2025-02-25T18:40:40","guid":{"rendered":"https:\/\/www.kindergarten-pusteblume.de\/WordPress_01\/?p=1180"},"modified":"2025-02-25T18:40:40","modified_gmt":"2025-02-25T18:40:40","slug":"morgenkreis-im-regenbogenland-ein-tag-voller-magie","status":"publish","type":"post","link":"https:\/\/www.kindergarten-pusteblume.de\/WordPress_01\/?p=1180","title":{"rendered":"Morgenkreis im Regenbogenland \u2013 Ein Tag voller Magie!"},"content":{"rendered":"\n<p>Im Morgenkreis im Regenbogenland hatten die Kinder heute einen ganz besonderen Start in den Tag. Gemeinsam tanzten sie den Regen einfach weg, bis die Sonne durchbrach und ein wundersch\u00f6ner Regenbogen am Himmel erschien! Es war ein fr\u00f6hlicher und magischer Moment, der den Tag mit viel Energie und guter Laune f\u00fcllte.<\/p>\n\n\n\n<figure class=\"wp-block-image size-large\"><img loading=\"lazy\" decoding=\"async\" width=\"568\" height=\"1024\" src=\"https:\/\/www.kindergarten-pusteblume.de\/WordPress_01\/wp-content\/uploads\/2025\/02\/67502fc9-0938-4cc6-9408-99e719ba6548-1-568x1024.jpg\" alt=\"\" class=\"wp-image-1181\" srcset=\"https:\/\/www.kindergarten-pusteblume.de\/WordPress_01\/wp-content\/uploads\/2025\/02\/67502fc9-0938-4cc6-9408-99e719ba6548-1-568x1024.jpg 568w, https:\/\/www.kindergarten-pusteblume.de\/WordPress_01\/wp-content\/uploads\/2025\/02\/67502fc9-0938-4cc6-9408-99e719ba6548-1-166x300.jpg 166w, https:\/\/www.kindergarten-pusteblume.de\/WordPress_01\/wp-content\/uploads\/2025\/02\/67502fc9-0938-4cc6-9408-99e719ba6548-1-768x1384.jpg 768w, https:\/\/www.kindergarten-pusteblume.de\/WordPress_01\/wp-content\/uploads\/2025\/02\/67502fc9-0938-4cc6-9408-99e719ba6548-1-852x1536.jpg 852w, https:\/\/www.kindergarten-pusteblume.de\/WordPress_01\/wp-content\/uploads\/2025\/02\/67502fc9-0938-4cc6-9408-99e719ba6548-1.jpg 914w\" sizes=\"(max-width: 568px) 100vw, 568px\" \/><\/figure>\n\n\n\n<p>Beim Freispiel entstand dann ein wahres Meisterwerk: Ein beeindruckendes Bauwerk, das die Kinder mit viel Fantasie und Teamarbeit erschufen.<\/p>\n\n\n\n<figure class=\"wp-block-image size-large\"><img loading=\"lazy\" decoding=\"async\" width=\"768\" height=\"1024\" src=\"https:\/\/www.kindergarten-pusteblume.de\/WordPress_01\/wp-content\/uploads\/2025\/02\/d08f222e-acec-434a-8d6d-66ad497d6530-1-768x1024.jpg\" alt=\"\" class=\"wp-image-1182\" srcset=\"https:\/\/www.kindergarten-pusteblume.de\/WordPress_01\/wp-content\/uploads\/2025\/02\/d08f222e-acec-434a-8d6d-66ad497d6530-1-768x1024.jpg 768w, https:\/\/www.kindergarten-pusteblume.de\/WordPress_01\/wp-content\/uploads\/2025\/02\/d08f222e-acec-434a-8d6d-66ad497d6530-1-225x300.jpg 225w, https:\/\/www.kindergarten-pusteblume.de\/WordPress_01\/wp-content\/uploads\/2025\/02\/d08f222e-acec-434a-8d6d-66ad497d6530-1-1152x1536.jpg 1152w, https:\/\/www.kindergarten-pusteblume.de\/WordPress_01\/wp-content\/uploads\/2025\/02\/d08f222e-acec-434a-8d6d-66ad497d6530-1.jpg 1536w\" sizes=\"(max-width: 767px) 89vw, (max-width: 1000px) 54vw, (max-width: 1071px) 543px, 580px\" \/><\/figure>\n\n\n\n<p><\/p>\n","protected":false},"excerpt":{"rendered":"<p>Im Morgenkreis im Regenbogenland hatten die Kinder heute einen ganz besonderen Start in den Tag. Gemeinsam tanzten sie den Regen einfach weg, bis die Sonne durchbrach und ein wundersch\u00f6ner Regenbogen am Himmel erschien! Es war ein fr\u00f6hlicher und magischer Moment, der den Tag mit viel Energie und guter Laune f\u00fcllte. Beim Freispiel entstand dann ein &hellip; <\/p>\n<p class=\"link-more\"><a href=\"https:\/\/www.kindergarten-pusteblume.de\/WordPress_01\/?p=1180\" class=\"more-link\"><span class=\"screen-reader-text\">\u201eMorgenkreis im Regenbogenland \u2013 Ein Tag voller Magie!\u201c<\/span> weiterlesen<\/a><\/p>\n","protected":false},"author":5,"featured_media":0,"comment_status":"closed","ping_status":"open","sticky":true,"template":"","format":"standard","meta":{"footnotes":""},"categories":[1],"tags":[],"_links":{"self":[{"href":"https:\/\/www.kindergarten-pusteblume.de\/WordPress_01\/index.php?rest_route=\/wp\/v2\/posts\/1180"}],"collection":[{"href":"https:\/\/www.kindergarten-pusteblume.de\/WordPress_01\/index.php?rest_route=\/wp\/v2\/posts"}],"about":[{"href":"https:\/\/www.kindergarten-pusteblume.de\/WordPress_01\/index.php?rest_route=\/wp\/v2\/types\/post"}],"author":[{"embeddable":true,"href":"https:\/\/www.kindergarten-pusteblume.de\/WordPress_01\/index.php?rest_route=\/wp\/v2\/users\/5"}],"replies":[{"embeddable":true,"href":"https:\/\/www.kindergarten-pusteblume.de\/WordPress_01\/index.php?rest_route=%2Fwp%2Fv2%2Fcomments&post=1180"}],"version-history":[{"count":1,"href":"https:\/\/www.kindergarten-pusteblume.de\/WordPress_01\/index.php?rest_route=\/wp\/v2\/posts\/1180\/revisions"}],"predecessor-version":[{"id":1183,"href":"https:\/\/www.kindergarten-pusteblume.de\/WordPress_01\/index.php?rest_route=\/wp\/v2\/posts\/1180\/revisions\/1183"}],"wp:attachment":[{"href":"https:\/\/www.kindergarten-pusteblume.de\/WordPress_01\/index.php?rest_route=%2Fwp%2Fv2%2Fmedia&parent=1180"}],"wp:term":[{"taxonomy":"category","embeddable":true,"href":"https:\/\/www.kindergarten-pusteblume.de\/WordPress_01\/index.php?rest_route=%2Fwp%2Fv2%2Fcategories&post=1180"},{"taxonomy":"post_tag","embeddable":true,"href":"https:\/\/www.kindergarten-pusteblume.de\/WordPress_01\/index.php?rest_route=%2Fwp%2Fv2%2Ftags&post=1180"}],"curies":[{"name":"wp","href":"https:\/\/api.w.org\/{rel}","templated":true}]}}