{"id":1122,"date":"2025-01-29T09:25:07","date_gmt":"2025-01-29T09:25:07","guid":{"rendered":"https:\/\/www.kindergarten-pusteblume.de\/WordPress_01\/?p=1122"},"modified":"2025-01-29T09:25:40","modified_gmt":"2025-01-29T09:25:40","slug":"gesunder-start-in-den-tag-unser-mueslitag-im-kindergarten-pusteblume","status":"publish","type":"post","link":"https:\/\/www.kindergarten-pusteblume.de\/WordPress_01\/?p=1122","title":{"rendered":"Gesunder Start in den Tag \u2013 Unser M\u00fcslitag im Kindergarten Pusteblume"},"content":{"rendered":"\n<p>Heute drehte sich im Kindergarten Pusteblume alles um ein gesundes Fr\u00fchst\u00fcck! Die Erzieherinnen bereiteten mit viel Liebe ein leckeres und n\u00e4hrstoffreiches M\u00fcsli f\u00fcr die Kinder zu. <\/p>\n\n\n\n<p>Von knusprigen Haferflocken \u00fcber frische Fr\u00fcchte bis hin zu leckeren N\u00fcssen und Joghurt \u2013 die Kinder konnten entdecken, wie vielseitig und lecker ein gesundes Fr\u00fchst\u00fcck sein kann. Dabei lernten sie auch, welche N\u00e4hrstoffe in den verschiedenen Zutaten stecken und warum sie uns Energie f\u00fcr den Tag geben.<\/p>\n\n\n\n<p>Der M\u00fcslitag war ein voller Erfolg und hat den Kindern nicht nur geschmeckt, sondern auch gezeigt, wie wichtig eine ausgewogene Ern\u00e4hrung ist. Wir freuen uns schon auf das n\u00e4chste gesunde Fr\u00fchst\u00fccksprojekt!<\/p>\n\n\n\n<figure class=\"wp-block-gallery has-nested-images columns-default is-cropped wp-block-gallery-1 is-layout-flex wp-block-gallery-is-layout-flex\">\n<figure class=\"wp-block-image size-large\"><img loading=\"lazy\" decoding=\"async\" width=\"768\" height=\"1024\" data-id=\"1125\" src=\"https:\/\/www.kindergarten-pusteblume.de\/WordPress_01\/wp-content\/uploads\/2025\/01\/WhatsApp-Image-2025-01-29-at-09.40.15-1-768x1024.jpeg\" alt=\"\" class=\"wp-image-1125\" srcset=\"https:\/\/www.kindergarten-pusteblume.de\/WordPress_01\/wp-content\/uploads\/2025\/01\/WhatsApp-Image-2025-01-29-at-09.40.15-1-768x1024.jpeg 768w, https:\/\/www.kindergarten-pusteblume.de\/WordPress_01\/wp-content\/uploads\/2025\/01\/WhatsApp-Image-2025-01-29-at-09.40.15-1-225x300.jpeg 225w, https:\/\/www.kindergarten-pusteblume.de\/WordPress_01\/wp-content\/uploads\/2025\/01\/WhatsApp-Image-2025-01-29-at-09.40.15-1-1152x1536.jpeg 1152w, https:\/\/www.kindergarten-pusteblume.de\/WordPress_01\/wp-content\/uploads\/2025\/01\/WhatsApp-Image-2025-01-29-at-09.40.15-1.jpeg 1536w\" sizes=\"(max-width: 767px) 89vw, (max-width: 1000px) 54vw, (max-width: 1071px) 543px, 580px\" \/><\/figure>\n\n\n\n<figure class=\"wp-block-image size-large\"><img loading=\"lazy\" decoding=\"async\" width=\"768\" height=\"1024\" data-id=\"1126\" src=\"https:\/\/www.kindergarten-pusteblume.de\/WordPress_01\/wp-content\/uploads\/2025\/01\/WhatsApp-Image-2025-01-29-at-09.40.16-768x1024.jpeg\" alt=\"\" class=\"wp-image-1126\" srcset=\"https:\/\/www.kindergarten-pusteblume.de\/WordPress_01\/wp-content\/uploads\/2025\/01\/WhatsApp-Image-2025-01-29-at-09.40.16-768x1024.jpeg 768w, https:\/\/www.kindergarten-pusteblume.de\/WordPress_01\/wp-content\/uploads\/2025\/01\/WhatsApp-Image-2025-01-29-at-09.40.16-225x300.jpeg 225w, https:\/\/www.kindergarten-pusteblume.de\/WordPress_01\/wp-content\/uploads\/2025\/01\/WhatsApp-Image-2025-01-29-at-09.40.16-1152x1536.jpeg 1152w, https:\/\/www.kindergarten-pusteblume.de\/WordPress_01\/wp-content\/uploads\/2025\/01\/WhatsApp-Image-2025-01-29-at-09.40.16.jpeg 1536w\" sizes=\"(max-width: 767px) 89vw, (max-width: 1000px) 54vw, (max-width: 1071px) 543px, 580px\" \/><\/figure>\n<\/figure>\n","protected":false},"excerpt":{"rendered":"<p>Heute drehte sich im Kindergarten Pusteblume alles um ein gesundes Fr\u00fchst\u00fcck! Die Erzieherinnen bereiteten mit viel Liebe ein leckeres und n\u00e4hrstoffreiches M\u00fcsli f\u00fcr die Kinder zu. Von knusprigen Haferflocken \u00fcber frische Fr\u00fcchte bis hin zu leckeren N\u00fcssen und Joghurt \u2013 die Kinder konnten entdecken, wie vielseitig und lecker ein gesundes Fr\u00fchst\u00fcck sein kann. Dabei lernten &hellip; <\/p>\n<p class=\"link-more\"><a href=\"https:\/\/www.kindergarten-pusteblume.de\/WordPress_01\/?p=1122\" class=\"more-link\"><span class=\"screen-reader-text\">\u201eGesunder Start in den Tag \u2013 Unser M\u00fcslitag im Kindergarten Pusteblume\u201c<\/span> weiterlesen<\/a><\/p>\n","protected":false},"author":5,"featured_media":0,"comment_status":"closed","ping_status":"open","sticky":true,"template":"","format":"standard","meta":{"footnotes":""},"categories":[1],"tags":[],"_links":{"self":[{"href":"https:\/\/www.kindergarten-pusteblume.de\/WordPress_01\/index.php?rest_route=\/wp\/v2\/posts\/1122"}],"collection":[{"href":"https:\/\/www.kindergarten-pusteblume.de\/WordPress_01\/index.php?rest_route=\/wp\/v2\/posts"}],"about":[{"href":"https:\/\/www.kindergarten-pusteblume.de\/WordPress_01\/index.php?rest_route=\/wp\/v2\/types\/post"}],"author":[{"embeddable":true,"href":"https:\/\/www.kindergarten-pusteblume.de\/WordPress_01\/index.php?rest_route=\/wp\/v2\/users\/5"}],"replies":[{"embeddable":true,"href":"https:\/\/www.kindergarten-pusteblume.de\/WordPress_01\/index.php?rest_route=%2Fwp%2Fv2%2Fcomments&post=1122"}],"version-history":[{"count":1,"href":"https:\/\/www.kindergarten-pusteblume.de\/WordPress_01\/index.php?rest_route=\/wp\/v2\/posts\/1122\/revisions"}],"predecessor-version":[{"id":1127,"href":"https:\/\/www.kindergarten-pusteblume.de\/WordPress_01\/index.php?rest_route=\/wp\/v2\/posts\/1122\/revisions\/1127"}],"wp:attachment":[{"href":"https:\/\/www.kindergarten-pusteblume.de\/WordPress_01\/index.php?rest_route=%2Fwp%2Fv2%2Fmedia&parent=1122"}],"wp:term":[{"taxonomy":"category","embeddable":true,"href":"https:\/\/www.kindergarten-pusteblume.de\/WordPress_01\/index.php?rest_route=%2Fwp%2Fv2%2Fcategories&post=1122"},{"taxonomy":"post_tag","embeddable":true,"href":"https:\/\/www.kindergarten-pusteblume.de\/WordPress_01\/index.php?rest_route=%2Fwp%2Fv2%2Ftags&post=1122"}],"curies":[{"name":"wp","href":"https:\/\/api.w.org\/{rel}","templated":true}]}}