{"id":1052,"date":"2024-08-01T08:05:14","date_gmt":"2024-08-01T08:05:14","guid":{"rendered":"https:\/\/www.kindergarten-pusteblume.de\/WordPress_01\/?p=1052"},"modified":"2024-08-05T06:22:10","modified_gmt":"2024-08-05T06:22:10","slug":"rauswurf-unserer-schulfuechse","status":"publish","type":"post","link":"https:\/\/www.kindergarten-pusteblume.de\/WordPress_01\/?p=1052","title":{"rendered":"Verabschiedung der Schulf\u00fcchse"},"content":{"rendered":"\n<p><strong>Verabschiedung der Schulf\u00fcchse<\/strong><\/p>\n\n\n\n<p>Wieder einmal war es soweit und unsere Schulf\u00fcchse wurden traditionell verabschiedet.<\/p>\n\n\n\n<p>Es wurde getanzt, gesungen und gelacht! Auch die Schnitzeljagd war wieder ein voller Erfolg.<\/p>\n\n\n\n<p>Vielen Dank an unser wundervolles Team, welches auch in diesem Jahr den Schulf\u00fcchsen einen wundersch\u00f6nen Abschied beschert hat!<\/p>\n\n\n\n<p>F\u00fcr einige Familien ist dies ein Abschied f\u00fcr immer von der Kindergartenzeit, f\u00fcr Andere wird die n\u00e4chste Runde starten und manche machen vielleicht nur eine kurze Pusteblume-Pause. Egal wie es weitergeht, wir w\u00fcnschen allen eine wundersch\u00f6ne Schulzeit, Freude und Gl\u00fcck f\u00fcr den neuen Lebensabschnitt!<\/p>\n\n\n\n<figure class=\"wp-block-image size-large\"><img loading=\"lazy\" decoding=\"async\" width=\"768\" height=\"1024\" src=\"https:\/\/www.kindergarten-pusteblume.de\/WordPress_01\/wp-content\/uploads\/2024\/08\/Schulfuechse-2-768x1024.jpeg\" alt=\"\" class=\"wp-image-1053\" srcset=\"https:\/\/www.kindergarten-pusteblume.de\/WordPress_01\/wp-content\/uploads\/2024\/08\/Schulfuechse-2-768x1024.jpeg 768w, https:\/\/www.kindergarten-pusteblume.de\/WordPress_01\/wp-content\/uploads\/2024\/08\/Schulfuechse-2-225x300.jpeg 225w, https:\/\/www.kindergarten-pusteblume.de\/WordPress_01\/wp-content\/uploads\/2024\/08\/Schulfuechse-2-1152x1536.jpeg 1152w, https:\/\/www.kindergarten-pusteblume.de\/WordPress_01\/wp-content\/uploads\/2024\/08\/Schulfuechse-2.jpeg 1200w\" sizes=\"(max-width: 767px) 89vw, (max-width: 1000px) 54vw, (max-width: 1071px) 543px, 580px\" \/><\/figure>\n\n\n\n<figure class=\"wp-block-image size-large\"><img loading=\"lazy\" decoding=\"async\" width=\"1024\" height=\"942\" src=\"https:\/\/www.kindergarten-pusteblume.de\/WordPress_01\/wp-content\/uploads\/2024\/08\/Schulfuechse-3-1024x942.jpeg\" alt=\"\" class=\"wp-image-1054\" srcset=\"https:\/\/www.kindergarten-pusteblume.de\/WordPress_01\/wp-content\/uploads\/2024\/08\/Schulfuechse-3-1024x942.jpeg 1024w, https:\/\/www.kindergarten-pusteblume.de\/WordPress_01\/wp-content\/uploads\/2024\/08\/Schulfuechse-3-300x276.jpeg 300w, https:\/\/www.kindergarten-pusteblume.de\/WordPress_01\/wp-content\/uploads\/2024\/08\/Schulfuechse-3-768x706.jpeg 768w, https:\/\/www.kindergarten-pusteblume.de\/WordPress_01\/wp-content\/uploads\/2024\/08\/Schulfuechse-3-1536x1412.jpeg 1536w, https:\/\/www.kindergarten-pusteblume.de\/WordPress_01\/wp-content\/uploads\/2024\/08\/Schulfuechse-3.jpeg 2048w\" sizes=\"(max-width: 767px) 89vw, (max-width: 1000px) 54vw, (max-width: 1071px) 543px, 580px\" \/><\/figure>\n","protected":false},"excerpt":{"rendered":"<p>Verabschiedung der Schulf\u00fcchse Wieder einmal war es soweit und unsere Schulf\u00fcchse wurden traditionell verabschiedet. Es wurde getanzt, gesungen und gelacht! Auch die Schnitzeljagd war wieder ein voller Erfolg. Vielen Dank an unser wundervolles Team, welches auch in diesem Jahr den Schulf\u00fcchsen einen wundersch\u00f6nen Abschied beschert hat! F\u00fcr einige Familien ist dies ein Abschied f\u00fcr immer &hellip; <\/p>\n<p class=\"link-more\"><a href=\"https:\/\/www.kindergarten-pusteblume.de\/WordPress_01\/?p=1052\" class=\"more-link\"><span class=\"screen-reader-text\">\u201eVerabschiedung der Schulf\u00fcchse\u201c<\/span> weiterlesen<\/a><\/p>\n","protected":false},"author":5,"featured_media":0,"comment_status":"closed","ping_status":"open","sticky":true,"template":"","format":"standard","meta":{"footnotes":""},"categories":[1],"tags":[],"_links":{"self":[{"href":"https:\/\/www.kindergarten-pusteblume.de\/WordPress_01\/index.php?rest_route=\/wp\/v2\/posts\/1052"}],"collection":[{"href":"https:\/\/www.kindergarten-pusteblume.de\/WordPress_01\/index.php?rest_route=\/wp\/v2\/posts"}],"about":[{"href":"https:\/\/www.kindergarten-pusteblume.de\/WordPress_01\/index.php?rest_route=\/wp\/v2\/types\/post"}],"author":[{"embeddable":true,"href":"https:\/\/www.kindergarten-pusteblume.de\/WordPress_01\/index.php?rest_route=\/wp\/v2\/users\/5"}],"replies":[{"embeddable":true,"href":"https:\/\/www.kindergarten-pusteblume.de\/WordPress_01\/index.php?rest_route=%2Fwp%2Fv2%2Fcomments&post=1052"}],"version-history":[{"count":9,"href":"https:\/\/www.kindergarten-pusteblume.de\/WordPress_01\/index.php?rest_route=\/wp\/v2\/posts\/1052\/revisions"}],"predecessor-version":[{"id":1063,"href":"https:\/\/www.kindergarten-pusteblume.de\/WordPress_01\/index.php?rest_route=\/wp\/v2\/posts\/1052\/revisions\/1063"}],"wp:attachment":[{"href":"https:\/\/www.kindergarten-pusteblume.de\/WordPress_01\/index.php?rest_route=%2Fwp%2Fv2%2Fmedia&parent=1052"}],"wp:term":[{"taxonomy":"category","embeddable":true,"href":"https:\/\/www.kindergarten-pusteblume.de\/WordPress_01\/index.php?rest_route=%2Fwp%2Fv2%2Fcategories&post=1052"},{"taxonomy":"post_tag","embeddable":true,"href":"https:\/\/www.kindergarten-pusteblume.de\/WordPress_01\/index.php?rest_route=%2Fwp%2Fv2%2Ftags&post=1052"}],"curies":[{"name":"wp","href":"https:\/\/api.w.org\/{rel}","templated":true}]}}