{"id":1044,"date":"2024-07-21T08:23:59","date_gmt":"2024-07-21T08:23:59","guid":{"rendered":"https:\/\/www.kindergarten-pusteblume.de\/WordPress_01\/?p=1044"},"modified":"2024-07-21T08:23:59","modified_gmt":"2024-07-21T08:23:59","slug":"sommerfest-2024","status":"publish","type":"post","link":"https:\/\/www.kindergarten-pusteblume.de\/WordPress_01\/?p=1044","title":{"rendered":"Sommerfest 2024"},"content":{"rendered":"\n<p>Unser Sommerfest am Wochenende war ein voller Erfolg! <br>Alles drehte sich um das gew\u00e4hlte Thema &#8220; Unsere Sinne&#8220;. Die Kinder konnten an verschiedenen Stationen Stempel f\u00fcr ihre Karten sammeln und dabei jede Menge Spa\u00df haben. Ein riesiges Dankesch\u00f6n an die engagierten Eltern unserer Schulf\u00fcchse, die dieses wundervolle Fest m\u00f6glich gemacht haben. Nat\u00fcrlich aber auch ein gro\u00dfes Danke an unsere wunderbaren Erzieherinnen, die mit den Kindern eine tolle Auff\u00fchrung auf die Beine gestellt haben. In famili\u00e4rer Atmosph\u00e4re wurde gemeinsam gelacht, gegessen und viel geplaudert &#8211; es war wirklich f\u00fcr jeden etwas dabei!<br>Wir freuen uns schon auf das n\u00e4chste Event! <\/p>\n\n\n\n<figure class=\"wp-block-image size-large\"><img loading=\"lazy\" decoding=\"async\" width=\"1024\" height=\"683\" src=\"https:\/\/www.kindergarten-pusteblume.de\/WordPress_01\/wp-content\/uploads\/2024\/07\/Sommerfest-1-1024x683.jpeg\" alt=\"\" class=\"wp-image-1045\" srcset=\"https:\/\/www.kindergarten-pusteblume.de\/WordPress_01\/wp-content\/uploads\/2024\/07\/Sommerfest-1-1024x683.jpeg 1024w, https:\/\/www.kindergarten-pusteblume.de\/WordPress_01\/wp-content\/uploads\/2024\/07\/Sommerfest-1-300x200.jpeg 300w, https:\/\/www.kindergarten-pusteblume.de\/WordPress_01\/wp-content\/uploads\/2024\/07\/Sommerfest-1-768x512.jpeg 768w, https:\/\/www.kindergarten-pusteblume.de\/WordPress_01\/wp-content\/uploads\/2024\/07\/Sommerfest-1-1536x1024.jpeg 1536w, https:\/\/www.kindergarten-pusteblume.de\/WordPress_01\/wp-content\/uploads\/2024\/07\/Sommerfest-1-2048x1365.jpeg 2048w\" sizes=\"(max-width: 767px) 89vw, (max-width: 1000px) 54vw, (max-width: 1071px) 543px, 580px\" \/><\/figure>\n\n\n\n<figure class=\"wp-block-image size-large\"><img loading=\"lazy\" decoding=\"async\" width=\"1024\" height=\"683\" src=\"https:\/\/www.kindergarten-pusteblume.de\/WordPress_01\/wp-content\/uploads\/2024\/07\/Sommerfest2-1024x683.jpeg\" alt=\"\" class=\"wp-image-1046\" srcset=\"https:\/\/www.kindergarten-pusteblume.de\/WordPress_01\/wp-content\/uploads\/2024\/07\/Sommerfest2-1024x683.jpeg 1024w, https:\/\/www.kindergarten-pusteblume.de\/WordPress_01\/wp-content\/uploads\/2024\/07\/Sommerfest2-300x200.jpeg 300w, https:\/\/www.kindergarten-pusteblume.de\/WordPress_01\/wp-content\/uploads\/2024\/07\/Sommerfest2-768x512.jpeg 768w, https:\/\/www.kindergarten-pusteblume.de\/WordPress_01\/wp-content\/uploads\/2024\/07\/Sommerfest2-1536x1024.jpeg 1536w, https:\/\/www.kindergarten-pusteblume.de\/WordPress_01\/wp-content\/uploads\/2024\/07\/Sommerfest2-2048x1365.jpeg 2048w\" sizes=\"(max-width: 767px) 89vw, (max-width: 1000px) 54vw, (max-width: 1071px) 543px, 580px\" \/><\/figure>\n","protected":false},"excerpt":{"rendered":"<p>Unser Sommerfest am Wochenende war ein voller Erfolg! Alles drehte sich um das gew\u00e4hlte Thema &#8220; Unsere Sinne&#8220;. Die Kinder konnten an verschiedenen Stationen Stempel f\u00fcr ihre Karten sammeln und dabei jede Menge Spa\u00df haben. Ein riesiges Dankesch\u00f6n an die engagierten Eltern unserer Schulf\u00fcchse, die dieses wundervolle Fest m\u00f6glich gemacht haben. Nat\u00fcrlich aber auch ein &hellip; <\/p>\n<p class=\"link-more\"><a href=\"https:\/\/www.kindergarten-pusteblume.de\/WordPress_01\/?p=1044\" class=\"more-link\"><span class=\"screen-reader-text\">\u201eSommerfest 2024\u201c<\/span> weiterlesen<\/a><\/p>\n","protected":false},"author":5,"featured_media":0,"comment_status":"closed","ping_status":"open","sticky":true,"template":"","format":"standard","meta":{"footnotes":""},"categories":[1],"tags":[],"_links":{"self":[{"href":"https:\/\/www.kindergarten-pusteblume.de\/WordPress_01\/index.php?rest_route=\/wp\/v2\/posts\/1044"}],"collection":[{"href":"https:\/\/www.kindergarten-pusteblume.de\/WordPress_01\/index.php?rest_route=\/wp\/v2\/posts"}],"about":[{"href":"https:\/\/www.kindergarten-pusteblume.de\/WordPress_01\/index.php?rest_route=\/wp\/v2\/types\/post"}],"author":[{"embeddable":true,"href":"https:\/\/www.kindergarten-pusteblume.de\/WordPress_01\/index.php?rest_route=\/wp\/v2\/users\/5"}],"replies":[{"embeddable":true,"href":"https:\/\/www.kindergarten-pusteblume.de\/WordPress_01\/index.php?rest_route=%2Fwp%2Fv2%2Fcomments&post=1044"}],"version-history":[{"count":1,"href":"https:\/\/www.kindergarten-pusteblume.de\/WordPress_01\/index.php?rest_route=\/wp\/v2\/posts\/1044\/revisions"}],"predecessor-version":[{"id":1047,"href":"https:\/\/www.kindergarten-pusteblume.de\/WordPress_01\/index.php?rest_route=\/wp\/v2\/posts\/1044\/revisions\/1047"}],"wp:attachment":[{"href":"https:\/\/www.kindergarten-pusteblume.de\/WordPress_01\/index.php?rest_route=%2Fwp%2Fv2%2Fmedia&parent=1044"}],"wp:term":[{"taxonomy":"category","embeddable":true,"href":"https:\/\/www.kindergarten-pusteblume.de\/WordPress_01\/index.php?rest_route=%2Fwp%2Fv2%2Fcategories&post=1044"},{"taxonomy":"post_tag","embeddable":true,"href":"https:\/\/www.kindergarten-pusteblume.de\/WordPress_01\/index.php?rest_route=%2Fwp%2Fv2%2Ftags&post=1044"}],"curies":[{"name":"wp","href":"https:\/\/api.w.org\/{rel}","templated":true}]}}