{"id":1039,"date":"2024-07-19T18:54:04","date_gmt":"2024-07-19T18:54:04","guid":{"rendered":"https:\/\/www.kindergarten-pusteblume.de\/WordPress_01\/?p=1039"},"modified":"2024-07-19T18:54:04","modified_gmt":"2024-07-19T18:54:04","slug":"waldtage-in-der-pusteblume","status":"publish","type":"post","link":"https:\/\/www.kindergarten-pusteblume.de\/WordPress_01\/?p=1039","title":{"rendered":"Waldtage in der Pusteblume"},"content":{"rendered":"\n<p>Durch das Erleben des Waldes sowie das Durchf\u00fchren und Bew\u00e4ltigen von verschiedenen Aufgaben im Wald k\u00f6nnen die Kinder ihr Selbstbewusstsein festigen und positive Best\u00e4tigung erfahren. Au\u00dferdem k\u00f6nnen sie sich im Wald richtig austoben, sie k\u00f6nnen h\u00fcpfen, laufen, klettern und balancieren. Den Wald mit allen Sinnen zu erforschen, ist pr\u00e4gend f\u00fcr Kinder. Waldtage sind daher ein Programmpunkt, der in keiner Kita fehlen darf.<\/p>\n\n\n\n<figure class=\"wp-block-image size-full\"><img loading=\"lazy\" decoding=\"async\" width=\"480\" height=\"640\" src=\"https:\/\/www.kindergarten-pusteblume.de\/WordPress_01\/wp-content\/uploads\/2024\/07\/Waldtage-2.jpg\" alt=\"\" class=\"wp-image-1040\" srcset=\"https:\/\/www.kindergarten-pusteblume.de\/WordPress_01\/wp-content\/uploads\/2024\/07\/Waldtage-2.jpg 480w, https:\/\/www.kindergarten-pusteblume.de\/WordPress_01\/wp-content\/uploads\/2024\/07\/Waldtage-2-225x300.jpg 225w\" sizes=\"(max-width: 480px) 100vw, 480px\" \/><\/figure>\n\n\n\n<figure class=\"wp-block-image size-full\"><img loading=\"lazy\" decoding=\"async\" width=\"480\" height=\"640\" src=\"https:\/\/www.kindergarten-pusteblume.de\/WordPress_01\/wp-content\/uploads\/2024\/07\/Waldtage-1.jpg\" alt=\"\" class=\"wp-image-1041\" srcset=\"https:\/\/www.kindergarten-pusteblume.de\/WordPress_01\/wp-content\/uploads\/2024\/07\/Waldtage-1.jpg 480w, https:\/\/www.kindergarten-pusteblume.de\/WordPress_01\/wp-content\/uploads\/2024\/07\/Waldtage-1-225x300.jpg 225w\" sizes=\"(max-width: 480px) 100vw, 480px\" \/><\/figure>\n\n\n\n<figure class=\"wp-block-image size-full\"><img loading=\"lazy\" decoding=\"async\" width=\"640\" height=\"480\" src=\"https:\/\/www.kindergarten-pusteblume.de\/WordPress_01\/wp-content\/uploads\/2024\/07\/Waldtage-3.jpg\" alt=\"\" class=\"wp-image-1042\" srcset=\"https:\/\/www.kindergarten-pusteblume.de\/WordPress_01\/wp-content\/uploads\/2024\/07\/Waldtage-3.jpg 640w, https:\/\/www.kindergarten-pusteblume.de\/WordPress_01\/wp-content\/uploads\/2024\/07\/Waldtage-3-300x225.jpg 300w\" sizes=\"(max-width: 640px) 100vw, 640px\" \/><\/figure>\n","protected":false},"excerpt":{"rendered":"<p>Durch das Erleben des Waldes sowie das Durchf\u00fchren und Bew\u00e4ltigen von verschiedenen Aufgaben im Wald k\u00f6nnen die Kinder ihr Selbstbewusstsein festigen und positive Best\u00e4tigung erfahren. Au\u00dferdem k\u00f6nnen sie sich im Wald richtig austoben, sie k\u00f6nnen h\u00fcpfen, laufen, klettern und balancieren. Den Wald mit allen Sinnen zu erforschen, ist pr\u00e4gend f\u00fcr Kinder. Waldtage sind daher ein &hellip; <\/p>\n<p class=\"link-more\"><a href=\"https:\/\/www.kindergarten-pusteblume.de\/WordPress_01\/?p=1039\" class=\"more-link\"><span class=\"screen-reader-text\">\u201eWaldtage in der Pusteblume\u201c<\/span> weiterlesen<\/a><\/p>\n","protected":false},"author":5,"featured_media":0,"comment_status":"closed","ping_status":"open","sticky":true,"template":"","format":"standard","meta":{"footnotes":""},"categories":[1],"tags":[],"_links":{"self":[{"href":"https:\/\/www.kindergarten-pusteblume.de\/WordPress_01\/index.php?rest_route=\/wp\/v2\/posts\/1039"}],"collection":[{"href":"https:\/\/www.kindergarten-pusteblume.de\/WordPress_01\/index.php?rest_route=\/wp\/v2\/posts"}],"about":[{"href":"https:\/\/www.kindergarten-pusteblume.de\/WordPress_01\/index.php?rest_route=\/wp\/v2\/types\/post"}],"author":[{"embeddable":true,"href":"https:\/\/www.kindergarten-pusteblume.de\/WordPress_01\/index.php?rest_route=\/wp\/v2\/users\/5"}],"replies":[{"embeddable":true,"href":"https:\/\/www.kindergarten-pusteblume.de\/WordPress_01\/index.php?rest_route=%2Fwp%2Fv2%2Fcomments&post=1039"}],"version-history":[{"count":1,"href":"https:\/\/www.kindergarten-pusteblume.de\/WordPress_01\/index.php?rest_route=\/wp\/v2\/posts\/1039\/revisions"}],"predecessor-version":[{"id":1043,"href":"https:\/\/www.kindergarten-pusteblume.de\/WordPress_01\/index.php?rest_route=\/wp\/v2\/posts\/1039\/revisions\/1043"}],"wp:attachment":[{"href":"https:\/\/www.kindergarten-pusteblume.de\/WordPress_01\/index.php?rest_route=%2Fwp%2Fv2%2Fmedia&parent=1039"}],"wp:term":[{"taxonomy":"category","embeddable":true,"href":"https:\/\/www.kindergarten-pusteblume.de\/WordPress_01\/index.php?rest_route=%2Fwp%2Fv2%2Fcategories&post=1039"},{"taxonomy":"post_tag","embeddable":true,"href":"https:\/\/www.kindergarten-pusteblume.de\/WordPress_01\/index.php?rest_route=%2Fwp%2Fv2%2Ftags&post=1039"}],"curies":[{"name":"wp","href":"https:\/\/api.w.org\/{rel}","templated":true}]}}